{"id":146344,"date":"2020-01-13T06:55:54","date_gmt":"2020-01-13T09:55:54","guid":{"rendered":"http:\/\/www.caririemacao.com\/1\/?p=146344"},"modified":"2020-01-13T06:55:54","modified_gmt":"2020-01-13T09:55:54","slug":"jornal-releva-cartas-de-ex-secretaria-da-paraiba-antes-de-ser-presa","status":"publish","type":"post","link":"https:\/\/www.caririemacao.com\/1\/2020\/01\/13\/jornal-releva-cartas-de-ex-secretaria-da-paraiba-antes-de-ser-presa\/","title":{"rendered":"Jornal releva cartas de ex-secret\u00e1ria da Para\u00edba antes de ser presa"},"content":{"rendered":"\n<p>Em sua edi\u00e7\u00e3o deste domingo, o jornal Folha de S\u00e3o Paulo destaca que antes de se tornar delatora na Opera\u00e7\u00e3o Calv\u00e1rio, a ex-secret\u00e1ria estadual da Para\u00edba Liv\u00e2nia Farias (foto) mandou cartas a familiares e amigos em que relata ang\u00fastia ap\u00f3s se tornar alvo do Minist\u00e9rio P\u00fablico.<\/p>\n\n\n\n<p>Os textos, conforme o jornal, foram escritos poucos antes de ela ser presa, em 16 de fevereiro de 2019.<\/p>\n\n\n\n<p>Nas cartas, ela reclama do que considerou ser persegui\u00e7\u00e3o e espetaculariza\u00e7\u00e3o do caso pelos procuradores do Estado e faz planos para o pr\u00f3prio funeral.<\/p>\n\n\n\n<p>Farias diz que a press\u00e3o sobre a fam\u00edlia \u00e9 tanta que os filhos n\u00e3o podem sair de casa.<\/p>\n\n\n\n<p>Uma das foi para o ex-governador Ricardo Coutinho (PSB). Ela agradece ao ex-governador pela confian\u00e7a e diz que o tinha como espelho no trabalho no governo. Mas alega que o fardo da ofensiva do MP \u00e9 pesado.<\/p>\n\n\n\n<p>*Com informa\u00e7\u00f5es da Folha<\/p>\n","protected":false},"excerpt":{"rendered":"<p>Em sua edi\u00e7\u00e3o deste domingo, o jornal Folha de S\u00e3o Paulo destaca que antes de se tornar delatora na Opera\u00e7\u00e3o Calv\u00e1rio, a ex-secret\u00e1ria estadual da&hellip; <\/p>\n","protected":false},"author":1,"featured_media":141536,"comment_status":"closed","ping_status":"closed","sticky":false,"template":"","format":"standard","meta":{"sfsi_plus_gutenberg_text_before_share":"","sfsi_plus_gutenberg_show_text_before_share":"","sfsi_plus_gutenberg_icon_type":"","sfsi_plus_gutenberg_icon_alignemt":"","sfsi_plus_gutenburg_max_per_row":"","footnotes":""},"categories":[11],"tags":[],"class_list":["post-146344","post","type-post","status-publish","format-standard","has-post-thumbnail","hentry","category-politica"],"_links":{"self":[{"href":"https:\/\/www.caririemacao.com\/1\/wp-json\/wp\/v2\/posts\/146344","targetHints":{"allow":["GET"]}}],"collection":[{"href":"https:\/\/www.caririemacao.com\/1\/wp-json\/wp\/v2\/posts"}],"about":[{"href":"https:\/\/www.caririemacao.com\/1\/wp-json\/wp\/v2\/types\/post"}],"author":[{"embeddable":true,"href":"https:\/\/www.caririemacao.com\/1\/wp-json\/wp\/v2\/users\/1"}],"replies":[{"embeddable":true,"href":"https:\/\/www.caririemacao.com\/1\/wp-json\/wp\/v2\/comments?post=146344"}],"version-history":[{"count":1,"href":"https:\/\/www.caririemacao.com\/1\/wp-json\/wp\/v2\/posts\/146344\/revisions"}],"predecessor-version":[{"id":146346,"href":"https:\/\/www.caririemacao.com\/1\/wp-json\/wp\/v2\/posts\/146344\/revisions\/146346"}],"wp:featuredmedia":[{"embeddable":true,"href":"https:\/\/www.caririemacao.com\/1\/wp-json\/wp\/v2\/media\/141536"}],"wp:attachment":[{"href":"https:\/\/www.caririemacao.com\/1\/wp-json\/wp\/v2\/media?parent=146344"}],"wp:term":[{"taxonomy":"category","embeddable":true,"href":"https:\/\/www.caririemacao.com\/1\/wp-json\/wp\/v2\/categories?post=146344"},{"taxonomy":"post_tag","embeddable":true,"href":"https:\/\/www.caririemacao.com\/1\/wp-json\/wp\/v2\/tags?post=146344"}],"curies":[{"name":"wp","href":"https:\/\/api.w.org\/{rel}","templated":true}]}}