{"id":146371,"date":"2020-01-13T07:36:44","date_gmt":"2020-01-13T10:36:44","guid":{"rendered":"http:\/\/www.caririemacao.com\/1\/?p=146371"},"modified":"2020-01-13T07:36:44","modified_gmt":"2020-01-13T10:36:44","slug":"prefeito-de-caraubas-inspeciona-reforma-do-mercado-publico-ao-lado-de-secretarios-e-engenheiro","status":"publish","type":"post","link":"https:\/\/www.caririemacao.com\/1\/2020\/01\/13\/prefeito-de-caraubas-inspeciona-reforma-do-mercado-publico-ao-lado-de-secretarios-e-engenheiro\/","title":{"rendered":"Prefeito de Cara\u00fabas inspeciona reforma do mercado p\u00fablico ao lado de secret\u00e1rios e engenheiro"},"content":{"rendered":"\n<p>Ap\u00f3s uma s\u00e9rie de ordens de servi\u00e7o expedida ao longo do ano de 2019, de obras de infraestrutura urbana e tur\u00edstica, o prefeito Silvano Dudu iniciou 2020 com muito trabalho pela frente. Num cronograma elaborado pela SOPSUR \u2013 Secretaria de Obras P\u00fablicas e Servi\u00e7os Urbanos foram iniciadas as vistorias nas dezenas de obras anunciadas.<br><\/p>\n\n\n\n<p>Uma das primeiras obras a ser visitada foi a do Mercado P\u00fablico Municipal Manoel Clementino das Neves no centro comercial da cidade. Com os servi\u00e7os dentro do cronograma tra\u00e7ado pelo setor de engenharia da Secretara de Obras P\u00fablicas o prefeito pode constatar um grande avan\u00e7o na edifica\u00e7\u00e3o da estrutura de concreto da obra.<br><\/p>\n\n\n\n<p>A parte de tr\u00e1s do Mercado que d\u00e1 acesso a Rua Artur Cassimiro j\u00e1 foi levantada as paredes da \u00e1rea onde ser\u00e1 a pra\u00e7a da alimenta\u00e7\u00e3o, dos banheiros masculino, feminino e de portadores de necessidades especiais, bem como, a \u00e1rea de circula\u00e7\u00e3o. Na parte de carnes os boxes laterais est\u00e3o tendo as paredes erguidas e o fechamento de paredes. Na parte da frente onde ser\u00e1 abrigado o artesanato, vestimentas e frutas e verduras as 18(dezoito) lojinhas j\u00e1 foram levantadas sua estrutura lateral e de funda\u00e7\u00e3o.<br><\/p>\n\n\n\n<p>A obra or\u00e7ada em quase R$ 400.000,00 (Quatrocentos Mil Reais) tem previs\u00e3o de conclus\u00e3o em um ano, mas que pode dependendo do andar da obra ser esse prazo prorrog\u00e1vel. O prefeito Silvano Dudu ficou satisfeito com o que viu, mas cobrou agilidade da construtora respons\u00e1vel com a contrata\u00e7\u00e3o de mais homens para que possamos o mais breve poss\u00edvel entregar essa importante obra aos comerciantes e caraubenses, disse ele.<br><\/p>\n\n\n\n<p>Os recursos j\u00e1 est\u00e3o garantidos e mesmo estando dentro do cronograma precisamos d\u00e1 mais celeridade as nossas obras, pois, \u00e9 uma cobran\u00e7a da pr\u00f3pria sociedade e por isso estamos iniciando essas inspe\u00e7\u00f5es em todas as obras que emitimos as ordens de servi\u00e7o, afirmou o prefeito.<br><\/p>\n\n\n\n<p>A engenheira Marina Borges acompanhou a visita e afirmou que essa \u00e9 uma obra com muitos detalhes e por isso merece melhor aten\u00e7\u00e3o do poder p\u00fablico. Estamos semanalmente presentes nas obras para tirar d\u00favidas e corrigir os poss\u00edveis erros de constru\u00e7\u00e3o, concluiu ela.<\/p>\n\n\n\n<figure class=\"wp-block-image\"><img decoding=\"async\" data-src=\"http:\/\/www.blogdobrunolira.com.br\/wp-content\/uploads\/2020\/01\/81906210_2523181884457586_1016260494266204160_n.jpg\" alt=\"\" class=\"wp-image-18857 lazyload\" src=\"data:image\/svg+xml;base64,PHN2ZyB3aWR0aD0iMSIgaGVpZ2h0PSIxIiB4bWxucz0iaHR0cDovL3d3dy53My5vcmcvMjAwMC9zdmciPjwvc3ZnPg==\" \/><\/figure>\n\n\n\n<p>Fonte: SEPLACOM<\/p>\n","protected":false},"excerpt":{"rendered":"<p>Ap\u00f3s uma s\u00e9rie de ordens de servi\u00e7o expedida ao longo do ano de 2019, de obras de infraestrutura urbana e tur\u00edstica, o prefeito Silvano Dudu&hellip; <\/p>\n","protected":false},"author":1,"featured_media":146374,"comment_status":"closed","ping_status":"closed","sticky":false,"template":"","format":"standard","meta":{"sfsi_plus_gutenberg_text_before_share":"","sfsi_plus_gutenberg_show_text_before_share":"","sfsi_plus_gutenberg_icon_type":"","sfsi_plus_gutenberg_icon_alignemt":"","sfsi_plus_gutenburg_max_per_row":"","footnotes":""},"categories":[2],"tags":[],"class_list":["post-146371","post","type-post","status-publish","format-standard","has-post-thumbnail","hentry","category-geral"],"_links":{"self":[{"href":"https:\/\/www.caririemacao.com\/1\/wp-json\/wp\/v2\/posts\/146371","targetHints":{"allow":["GET"]}}],"collection":[{"href":"https:\/\/www.caririemacao.com\/1\/wp-json\/wp\/v2\/posts"}],"about":[{"href":"https:\/\/www.caririemacao.com\/1\/wp-json\/wp\/v2\/types\/post"}],"author":[{"embeddable":true,"href":"https:\/\/www.caririemacao.com\/1\/wp-json\/wp\/v2\/users\/1"}],"replies":[{"embeddable":true,"href":"https:\/\/www.caririemacao.com\/1\/wp-json\/wp\/v2\/comments?post=146371"}],"version-history":[{"count":1,"href":"https:\/\/www.caririemacao.com\/1\/wp-json\/wp\/v2\/posts\/146371\/revisions"}],"predecessor-version":[{"id":146375,"href":"https:\/\/www.caririemacao.com\/1\/wp-json\/wp\/v2\/posts\/146371\/revisions\/146375"}],"wp:featuredmedia":[{"embeddable":true,"href":"https:\/\/www.caririemacao.com\/1\/wp-json\/wp\/v2\/media\/146374"}],"wp:attachment":[{"href":"https:\/\/www.caririemacao.com\/1\/wp-json\/wp\/v2\/media?parent=146371"}],"wp:term":[{"taxonomy":"category","embeddable":true,"href":"https:\/\/www.caririemacao.com\/1\/wp-json\/wp\/v2\/categories?post=146371"},{"taxonomy":"post_tag","embeddable":true,"href":"https:\/\/www.caririemacao.com\/1\/wp-json\/wp\/v2\/tags?post=146371"}],"curies":[{"name":"wp","href":"https:\/\/api.w.org\/{rel}","templated":true}]}}