{"id":146384,"date":"2020-01-13T07:48:08","date_gmt":"2020-01-13T10:48:08","guid":{"rendered":"http:\/\/www.caririemacao.com\/1\/?p=146384"},"modified":"2020-01-13T07:48:08","modified_gmt":"2020-01-13T10:48:08","slug":"prefeito-silvano-dudu-anuncia-investimento-e-parceria-para-construcao-da-escola-da-passagem","status":"publish","type":"post","link":"https:\/\/www.caririemacao.com\/1\/2020\/01\/13\/prefeito-silvano-dudu-anuncia-investimento-e-parceria-para-construcao-da-escola-da-passagem\/","title":{"rendered":"Prefeito Silvano Dudu anuncia investimento e parceria para constru\u00e7\u00e3o da escola  da passagem"},"content":{"rendered":"\n<p>Uma das grandes marcas da atual gest\u00e3o tem sido sem d\u00favida, o trabalho em prol de beneficiar os que mais precisam e as comunidades mais carentes de infraestrutura b\u00e1sica. <\/p>\n\n\n\n<p>Insvestir em educa\u00e7\u00e3o e sa\u00fade sempre ser\u00e1 a marca das grandes gest\u00f5es administrativas. <br> Temos a maior alegria de poder anunciar a popula\u00e7\u00e3o de Cara\u00fabas e em especial ao povo da Passagem a constru\u00e7\u00e3o da escola Jo\u00e3o Ant\u00f4nio de Souza t\u00e3o sonhada e prometida por gest\u00f5es que nos antecederam. <\/p>\n\n\n\n<p>Uma promessa n\u00e3o cumprida e que deixou a popula\u00e7\u00e3o estudantil da Passagem prejudicada, uma vez que as crian\u00e7as precisam se deslocar para a comunidade vizinha de Ponta de Serra para estudarem, disse Silvano Dudu.<\/p>\n\n\n\n<p><br>Gra\u00e7as \u00e0 um pedido nosso junto ao Governo do Estado da Para\u00edba e com o empenho e indica\u00e7\u00e3o do Deputado Estadual Adriano Galdino que indicou emenda parlamentar no valor de R$ 150.000,00 (Cento e Cinquenta Mil Reais) teremos a oportunidade de poder cumprir com esse compromisso de devolver ao povo da Passagem uma escola nova, moderna e com condi\u00e7\u00f5es de atender tamb\u00e9m aos alunos de Ponta de Serra e regi\u00e3o, afirmou o gestor.<\/p>\n\n\n\n<p><br>Na manh\u00e3 da \u00faltima quinta-feira, dia 9\/1, estivemos in loco visitando o antigo pr\u00e9dio da escola com o engenheiro Lincoln para que possamos elaborar um novo \u00b4projeto de constru\u00e7\u00e3o para aquela unidade de ensino. Teremos uma escola com seis salas de aula, sanit\u00e1rios, \u00e1rea de copa e cozinha, lazer e possivelmente uma sala de administra\u00e7\u00e3o. <\/p>\n\n\n\n<p>De acordo com o engenheiro Lincoln da LCL Projetos e Engenharia o que foi feito no passado n\u00e3o tem projeto e esta fora de esquadro a base edificada que se encontra danificada pela a\u00e7\u00e3o do tempo, concluiu ele.<\/p>\n\n\n\n<p><br>O prefeito Silvano Dudu assinou conv\u00eanio com a Secretaria da Educa\u00e7\u00e3o do Estado da Para\u00edba no fim do exerc\u00edcio passado e aguarda a publica\u00e7\u00e3o no Di\u00e1rio Oficial do extrato de conv\u00eanio para iniciar o processo de licita\u00e7\u00e3o da mencionada obra. Essa \u00e9 mais uma a\u00e7\u00e3o do governo O Futuro \u00e9 nossa gente que investe na educa\u00e7\u00e3o do nosso munic\u00edpio como prioridade m\u00e1xima, basta voc\u00ea verificar todos os investimentos que j\u00e1 realizamos desde a creche at\u00e9 todas as unidades de ensino, concluiu o prefeito.<\/p>\n\n\n\n<p>Fonte: SEPLACOM<br>Foto: Miguel Filho<\/p>\n","protected":false},"excerpt":{"rendered":"<p>Uma das grandes marcas da atual gest\u00e3o tem sido sem d\u00favida, o trabalho em prol de beneficiar os que mais precisam e as comunidades mais&hellip; <\/p>\n","protected":false},"author":1,"featured_media":146386,"comment_status":"closed","ping_status":"closed","sticky":false,"template":"","format":"standard","meta":{"sfsi_plus_gutenberg_text_before_share":"","sfsi_plus_gutenberg_show_text_before_share":"","sfsi_plus_gutenberg_icon_type":"","sfsi_plus_gutenberg_icon_alignemt":"","sfsi_plus_gutenburg_max_per_row":"","footnotes":""},"categories":[6],"tags":[],"class_list":["post-146384","post","type-post","status-publish","format-standard","has-post-thumbnail","hentry","category-cidades"],"_links":{"self":[{"href":"https:\/\/www.caririemacao.com\/1\/wp-json\/wp\/v2\/posts\/146384","targetHints":{"allow":["GET"]}}],"collection":[{"href":"https:\/\/www.caririemacao.com\/1\/wp-json\/wp\/v2\/posts"}],"about":[{"href":"https:\/\/www.caririemacao.com\/1\/wp-json\/wp\/v2\/types\/post"}],"author":[{"embeddable":true,"href":"https:\/\/www.caririemacao.com\/1\/wp-json\/wp\/v2\/users\/1"}],"replies":[{"embeddable":true,"href":"https:\/\/www.caririemacao.com\/1\/wp-json\/wp\/v2\/comments?post=146384"}],"version-history":[{"count":1,"href":"https:\/\/www.caririemacao.com\/1\/wp-json\/wp\/v2\/posts\/146384\/revisions"}],"predecessor-version":[{"id":146387,"href":"https:\/\/www.caririemacao.com\/1\/wp-json\/wp\/v2\/posts\/146384\/revisions\/146387"}],"wp:featuredmedia":[{"embeddable":true,"href":"https:\/\/www.caririemacao.com\/1\/wp-json\/wp\/v2\/media\/146386"}],"wp:attachment":[{"href":"https:\/\/www.caririemacao.com\/1\/wp-json\/wp\/v2\/media?parent=146384"}],"wp:term":[{"taxonomy":"category","embeddable":true,"href":"https:\/\/www.caririemacao.com\/1\/wp-json\/wp\/v2\/categories?post=146384"},{"taxonomy":"post_tag","embeddable":true,"href":"https:\/\/www.caririemacao.com\/1\/wp-json\/wp\/v2\/tags?post=146384"}],"curies":[{"name":"wp","href":"https:\/\/api.w.org\/{rel}","templated":true}]}}