{"id":146400,"date":"2020-01-13T08:01:14","date_gmt":"2020-01-13T11:01:14","guid":{"rendered":"http:\/\/www.caririemacao.com\/1\/?p=146400"},"modified":"2020-01-13T08:01:14","modified_gmt":"2020-01-13T11:01:14","slug":"quando-comeca-a-decada-de-2020-do-seculo-21","status":"publish","type":"post","link":"https:\/\/www.caririemacao.com\/1\/2020\/01\/13\/quando-comeca-a-decada-de-2020-do-seculo-21\/","title":{"rendered":"Quando come\u00e7a a d\u00e9cada de 2020 do s\u00e9culo 21?"},"content":{"rendered":"\n<p>Com a chegada de 2020, teve in\u00edcio uma discuss\u00e3o antiga acerca do calend\u00e1rio ocidental. Seria o novo ano a inaugura\u00e7\u00e3o tamb\u00e9m da nova d\u00e9cada? Estar\u00edamos entrando na d\u00e9cada de 2020 do s\u00e9culo 21? <\/p>\n\n\n\n<p>A\u00a0<strong>Ag\u00eancia Brasil<\/strong>\u00a0conversou com historiadores para explicar a pol\u00eamica.Segundo Daniel Gomes de Carvalho, docente da Universidade de Bras\u00edlia e um dos integrantes do canal de YouTube\u00a0<em>Se Liga Nessa Hist\u00f3ria<\/em>, afirma que formalmente a d\u00e9cada s\u00f3 come\u00e7ar\u00e1 no pr\u00f3ximo ano, em 2021.Isso ocorre porque no calend\u00e1rio crist\u00e3o n\u00e3o houve o ano zero. Ele teve in\u00edcio j\u00e1 no ano 1 depois de Cristo. Assim como o s\u00e9culo 21 n\u00e3o come\u00e7ou em 2000, mas em 2001, as d\u00e9cadas tamb\u00e9m s\u00f3 come\u00e7am no ano 1 de cada uma delas. \u201c\u00c9 meramente uma quest\u00e3o convencional\u201d, explica Carvalho.<\/p>\n\n\n\n<figure class=\"wp-block-image\"><img fetchpriority=\"high\" decoding=\"async\" width=\"300\" height=\"225\" src=\"http:\/\/www.caririemacao.com\/1\/wp-content\/uploads\/2020\/01\/image-2.jpeg\" alt=\"\" class=\"wp-image-146402\"\/><\/figure>\n\n\n\n<p>No calend\u00e1rio crist\u00e3o n\u00e3o houve ano zero. Ele j\u00e1 teve in\u00edcio no ano 1 depois de Cristo\u00a0 &#8211; Bruna Saniele\/Ag\u00eancia BrasilContudo, ele pondera que na hist\u00f3ria h\u00e1 pesquisadores que n\u00e3o trabalham com divis\u00f5es r\u00edgidas ou com coincid\u00eancias exatas dos anos. Para historiador brit\u00e2nico Eric Hobsbawn, por exemplo, o s\u00e9culo 20 (ou curto s\u00e9culo 20, como define) teria come\u00e7ado em 1914, com o in\u00edcio da primeira Guerra Mundial, e terminado em 1991, com a dissolu\u00e7\u00e3o da Uni\u00e3o Sovi\u00e9tica.<\/p>\n\n\n\n<p>\u201cNa hist\u00f3ria, \u00e9 bastante comum trabalhar d\u00e9cadas e s\u00e9culos \u00e0s vezes de maneira diferente do que a data diz. Se para o historiador tem alguma coer\u00eancia, isso n\u00e3o tem problema. No trabalho historiogr\u00e1fico, as datas podem ser mais flu\u00eddas de acordo com o que voc\u00ea quer entender. \u00c0s vezes tem um ciclo econ\u00f4mico\u201d, ressalta.<\/p>\n\n\n\n<p>Mas no caso da mudan\u00e7a de d\u00e9cadas formalmente \u00e9 utilizada a numera\u00e7\u00e3o do calend\u00e1rio crist\u00e3o e a virada no ano 1.O historiador Fred Tom\u00e9 vai em sentido semelhante. Ele refor\u00e7a que como na hist\u00f3ria crist\u00e3 o calend\u00e1rio foi dividido entre antes e depois de Cristo e n\u00e3o foi convencionada a figura do ano zero, tradicionalmente a d\u00e9cada s\u00f3 come\u00e7aria no pr\u00f3ximo ano.<\/p>\n\n\n\n<p>Entretanto, o tempo pode ter percep\u00e7\u00f5es diferenciadas n\u00e3o apenas para pesquisadores como para os indiv\u00edduos, que podem compreender seus pr\u00f3prios momentos e transi\u00e7\u00f5es de vida a partir de marcos espec\u00edficos.\u201cEm termos cronol\u00f3gicos conceituais convencionais, estar\u00edamos equivocados em falar que houve virada de d\u00e9cada. Mas \u00e9 uma conven\u00e7\u00e3o. <\/p>\n\n\n\n<p>Isso n\u00e3o impede que as pessoas entendem os anos fechados como fechamento de um ciclo e abertura de um outro ciclo. A pol\u00eamica est\u00e1 situada nas diferentes formas de percep\u00e7\u00e3o tempo\u201d, observa Tom\u00e9.<\/p>\n","protected":false},"excerpt":{"rendered":"<p>Com a chegada de 2020, teve in\u00edcio uma discuss\u00e3o antiga acerca do calend\u00e1rio ocidental. Seria o novo ano a inaugura\u00e7\u00e3o tamb\u00e9m da nova d\u00e9cada? Estar\u00edamos&hellip; <\/p>\n","protected":false},"author":1,"featured_media":146403,"comment_status":"closed","ping_status":"closed","sticky":false,"template":"","format":"standard","meta":{"sfsi_plus_gutenberg_text_before_share":"","sfsi_plus_gutenberg_show_text_before_share":"","sfsi_plus_gutenberg_icon_type":"","sfsi_plus_gutenberg_icon_alignemt":"","sfsi_plus_gutenburg_max_per_row":"","footnotes":""},"categories":[2],"tags":[],"class_list":["post-146400","post","type-post","status-publish","format-standard","has-post-thumbnail","hentry","category-geral"],"_links":{"self":[{"href":"https:\/\/www.caririemacao.com\/1\/wp-json\/wp\/v2\/posts\/146400","targetHints":{"allow":["GET"]}}],"collection":[{"href":"https:\/\/www.caririemacao.com\/1\/wp-json\/wp\/v2\/posts"}],"about":[{"href":"https:\/\/www.caririemacao.com\/1\/wp-json\/wp\/v2\/types\/post"}],"author":[{"embeddable":true,"href":"https:\/\/www.caririemacao.com\/1\/wp-json\/wp\/v2\/users\/1"}],"replies":[{"embeddable":true,"href":"https:\/\/www.caririemacao.com\/1\/wp-json\/wp\/v2\/comments?post=146400"}],"version-history":[{"count":1,"href":"https:\/\/www.caririemacao.com\/1\/wp-json\/wp\/v2\/posts\/146400\/revisions"}],"predecessor-version":[{"id":146404,"href":"https:\/\/www.caririemacao.com\/1\/wp-json\/wp\/v2\/posts\/146400\/revisions\/146404"}],"wp:featuredmedia":[{"embeddable":true,"href":"https:\/\/www.caririemacao.com\/1\/wp-json\/wp\/v2\/media\/146403"}],"wp:attachment":[{"href":"https:\/\/www.caririemacao.com\/1\/wp-json\/wp\/v2\/media?parent=146400"}],"wp:term":[{"taxonomy":"category","embeddable":true,"href":"https:\/\/www.caririemacao.com\/1\/wp-json\/wp\/v2\/categories?post=146400"},{"taxonomy":"post_tag","embeddable":true,"href":"https:\/\/www.caririemacao.com\/1\/wp-json\/wp\/v2\/tags?post=146400"}],"curies":[{"name":"wp","href":"https:\/\/api.w.org\/{rel}","templated":true}]}}