{"id":146427,"date":"2020-01-13T08:10:34","date_gmt":"2020-01-13T11:10:34","guid":{"rendered":"http:\/\/www.caririemacao.com\/1\/?p=146427"},"modified":"2020-01-13T08:10:34","modified_gmt":"2020-01-13T11:10:34","slug":"bolsonaro-questiona-acao-do-podemos-contra-nova-tarifa-do-cheque-especial","status":"publish","type":"post","link":"https:\/\/www.caririemacao.com\/1\/2020\/01\/13\/bolsonaro-questiona-acao-do-podemos-contra-nova-tarifa-do-cheque-especial\/","title":{"rendered":"Bolsonaro questiona a\u00e7\u00e3o do Podemos contra nova tarifa do cheque especial"},"content":{"rendered":"\n<p>O presidente Jair Bolsonaro questionou neste s\u00e1bado (11), pelo Twitter, a A\u00e7\u00e3o Direita de Inconstitucionalidade apresentada pelo partido Podemos contra a nova cobran\u00e7a da tarifa do cheque especial pelos bancos.<\/p>\n\n\n\n<p>Bolsonaro afirmou que a medida busca reduzir os juros do cheque especial, que ficariam limitados a 8% ao m\u00eas. Segundo o presidente, o cancelamento da medida poderia fazer os juros voltarem a subir para 14%, prejudicando os mais pobres e endividados.<\/p>\n\n\n\n<p>Tamb\u00e9m pelo Twitter, o partido Podemos afirmou que n\u00e3o aceita pol\u00edtica de banqueiro para banqueiros do governo. O partido disse que defende a redu\u00e7\u00e3o dos juros sem cobran\u00e7a de tarifas.<\/p>\n\n\n\n<p>A OAB tamb\u00e9m ingressou com a\u00e7\u00e3o contra a cobran\u00e7a do cheque especial.<\/p>\n\n\n\n<p>O Banco Central definiu, no fim de novembro, a cria\u00e7\u00e3o de um teto de juros do cheque especial regressivo para pessoas f\u00edsicas e microempreendedores individuais, os MEIs.&nbsp; Assim, os bancos poder\u00e3o cobrar tarifas de quem tiver limite superior a 500 reais do cheque especial.<\/p>\n\n\n\n<p>O valor ser\u00e1 de 0,25% do valor acima do limite.&nbsp; As tarifas podem ser cobradas inclusive de quem n\u00e3o utilizar o limite. Se voc\u00ea tiver um limite cheque especial de mil reais, por exemplo, os bancos ir\u00e3o cobrar 1 real e 25 centavos de tarifa. Mas as tarifas n\u00e3o s\u00e3o obrigat\u00f3rias, podendo os bancos isentar os clientes.<\/p>\n\n\n\n<p>A medida passou a valer a partir do dia 6 de janeiro para novos clientes. Antigos clientes s\u00f3 poder\u00e3o ser tarifados a partir de junho de 2020.<\/p>\n","protected":false},"excerpt":{"rendered":"<p>O presidente Jair Bolsonaro questionou neste s\u00e1bado (11), pelo Twitter, a A\u00e7\u00e3o Direita de Inconstitucionalidade apresentada pelo partido Podemos contra a nova cobran\u00e7a da tarifa&hellip; <\/p>\n","protected":false},"author":1,"featured_media":88705,"comment_status":"closed","ping_status":"closed","sticky":false,"template":"","format":"standard","meta":{"sfsi_plus_gutenberg_text_before_share":"","sfsi_plus_gutenberg_show_text_before_share":"","sfsi_plus_gutenberg_icon_type":"","sfsi_plus_gutenberg_icon_alignemt":"","sfsi_plus_gutenburg_max_per_row":"","footnotes":""},"categories":[11],"tags":[],"class_list":["post-146427","post","type-post","status-publish","format-standard","has-post-thumbnail","hentry","category-politica"],"_links":{"self":[{"href":"https:\/\/www.caririemacao.com\/1\/wp-json\/wp\/v2\/posts\/146427","targetHints":{"allow":["GET"]}}],"collection":[{"href":"https:\/\/www.caririemacao.com\/1\/wp-json\/wp\/v2\/posts"}],"about":[{"href":"https:\/\/www.caririemacao.com\/1\/wp-json\/wp\/v2\/types\/post"}],"author":[{"embeddable":true,"href":"https:\/\/www.caririemacao.com\/1\/wp-json\/wp\/v2\/users\/1"}],"replies":[{"embeddable":true,"href":"https:\/\/www.caririemacao.com\/1\/wp-json\/wp\/v2\/comments?post=146427"}],"version-history":[{"count":1,"href":"https:\/\/www.caririemacao.com\/1\/wp-json\/wp\/v2\/posts\/146427\/revisions"}],"predecessor-version":[{"id":146429,"href":"https:\/\/www.caririemacao.com\/1\/wp-json\/wp\/v2\/posts\/146427\/revisions\/146429"}],"wp:featuredmedia":[{"embeddable":true,"href":"https:\/\/www.caririemacao.com\/1\/wp-json\/wp\/v2\/media\/88705"}],"wp:attachment":[{"href":"https:\/\/www.caririemacao.com\/1\/wp-json\/wp\/v2\/media?parent=146427"}],"wp:term":[{"taxonomy":"category","embeddable":true,"href":"https:\/\/www.caririemacao.com\/1\/wp-json\/wp\/v2\/categories?post=146427"},{"taxonomy":"post_tag","embeddable":true,"href":"https:\/\/www.caririemacao.com\/1\/wp-json\/wp\/v2\/tags?post=146427"}],"curies":[{"name":"wp","href":"https:\/\/api.w.org\/{rel}","templated":true}]}}