{"id":146433,"date":"2020-01-13T08:15:14","date_gmt":"2020-01-13T11:15:14","guid":{"rendered":"http:\/\/www.caririemacao.com\/1\/?p=146433"},"modified":"2020-01-13T08:15:14","modified_gmt":"2020-01-13T11:15:14","slug":"pedido-de-restituicao-de-diferenca-do-dpvat-pode-ser-feito-a-partir-dessa-quarta-feira-15","status":"publish","type":"post","link":"https:\/\/www.caririemacao.com\/1\/2020\/01\/13\/pedido-de-restituicao-de-diferenca-do-dpvat-pode-ser-feito-a-partir-dessa-quarta-feira-15\/","title":{"rendered":"Pedido de restitui\u00e7\u00e3o de diferen\u00e7a do DPVAT pode ser feito a partir dessa quarta-feira (15)"},"content":{"rendered":"\n<p>A Seguradora L\u00edder divulgou nesta sexta-feira (10) as regras para restitui\u00e7\u00e3o da diferen\u00e7a no pagamento do DPVAT, o seguro obrigat\u00f3rio para danos pessoais, pago todos os anos por propriet\u00e1rios de ve\u00edculos. <\/p>\n\n\n\n<p>O pagamento come\u00e7ou nessa quinta, mas no mesmo dia o presidente do Supremo Tribunal Federal (STF), Ant\u00f4nio Dias Toffoli, determinou a redu\u00e7\u00e3o no valor do seguro deste ano. <\/p>\n\n\n\n<p>S\u00f3 quem j\u00e1 pagou o DPVAT com base nos valores de 2019 tem direito \u00e0 restitui\u00e7\u00e3o de parte do dinheiro. O pedido poder\u00e1 ser feito a partir da pr\u00f3xima quarta-feira (15), no endere\u00e7o:\u00a0<a href=\"http:\/\/www.restituicao.dpvatsegurodotransito.com.br\/\">www.restituicao.dpvatsegurodotransito.com.br<\/a><\/p>\n","protected":false},"excerpt":{"rendered":"<p>A Seguradora L\u00edder divulgou nesta sexta-feira (10) as regras para restitui\u00e7\u00e3o da diferen\u00e7a no pagamento do DPVAT, o seguro obrigat\u00f3rio para danos pessoais, pago todos&hellip; <\/p>\n","protected":false},"author":1,"featured_media":144297,"comment_status":"closed","ping_status":"closed","sticky":false,"template":"","format":"standard","meta":{"sfsi_plus_gutenberg_text_before_share":"","sfsi_plus_gutenberg_show_text_before_share":"","sfsi_plus_gutenberg_icon_type":"","sfsi_plus_gutenberg_icon_alignemt":"","sfsi_plus_gutenburg_max_per_row":"","footnotes":""},"categories":[2],"tags":[],"class_list":["post-146433","post","type-post","status-publish","format-standard","has-post-thumbnail","hentry","category-geral"],"_links":{"self":[{"href":"https:\/\/www.caririemacao.com\/1\/wp-json\/wp\/v2\/posts\/146433","targetHints":{"allow":["GET"]}}],"collection":[{"href":"https:\/\/www.caririemacao.com\/1\/wp-json\/wp\/v2\/posts"}],"about":[{"href":"https:\/\/www.caririemacao.com\/1\/wp-json\/wp\/v2\/types\/post"}],"author":[{"embeddable":true,"href":"https:\/\/www.caririemacao.com\/1\/wp-json\/wp\/v2\/users\/1"}],"replies":[{"embeddable":true,"href":"https:\/\/www.caririemacao.com\/1\/wp-json\/wp\/v2\/comments?post=146433"}],"version-history":[{"count":1,"href":"https:\/\/www.caririemacao.com\/1\/wp-json\/wp\/v2\/posts\/146433\/revisions"}],"predecessor-version":[{"id":146436,"href":"https:\/\/www.caririemacao.com\/1\/wp-json\/wp\/v2\/posts\/146433\/revisions\/146436"}],"wp:featuredmedia":[{"embeddable":true,"href":"https:\/\/www.caririemacao.com\/1\/wp-json\/wp\/v2\/media\/144297"}],"wp:attachment":[{"href":"https:\/\/www.caririemacao.com\/1\/wp-json\/wp\/v2\/media?parent=146433"}],"wp:term":[{"taxonomy":"category","embeddable":true,"href":"https:\/\/www.caririemacao.com\/1\/wp-json\/wp\/v2\/categories?post=146433"},{"taxonomy":"post_tag","embeddable":true,"href":"https:\/\/www.caririemacao.com\/1\/wp-json\/wp\/v2\/tags?post=146433"}],"curies":[{"name":"wp","href":"https:\/\/api.w.org\/{rel}","templated":true}]}}