{"id":146442,"date":"2020-01-13T08:38:07","date_gmt":"2020-01-13T11:38:07","guid":{"rendered":"http:\/\/www.caririemacao.com\/1\/?p=146442"},"modified":"2020-01-13T08:38:07","modified_gmt":"2020-01-13T11:38:07","slug":"secretaria-da-educacao-de-caraubas-inicia-montagem-de-ar-condicionado-nas-escolas-municipais","status":"publish","type":"post","link":"https:\/\/www.caririemacao.com\/1\/2020\/01\/13\/secretaria-da-educacao-de-caraubas-inicia-montagem-de-ar-condicionado-nas-escolas-municipais\/","title":{"rendered":"Secretaria da educa\u00e7\u00e3o de Cara\u00fabas inicia montagem de ar condicionado nas escolas municipais"},"content":{"rendered":"\n<p>Aproveitando o recesso escolar da rede p\u00fablico de ensino a Secretaria da Educa\u00e7\u00e3o em parceria com a Secretaria de Obras P\u00fablicas e Servi\u00e7os Urbanos iniciou semana passada a montagem dos sistemas de ar condicionado nas salas de aula das escolas municipais.<\/p>\n\n\n\n<p><br>De acordo com a secret\u00e1ria da educa\u00e7\u00e3o Rhayanne Soraine Fernandes, neste primeiro momento ser\u00e3o contempladas as escolas Alice Jorge da Silva e creche S\u00e3o Pedro na cidade de Cara\u00fabas, Escola Jo\u00e3o Jos\u00e9 de Alc\u00e2ntara do Distrito de Barreiras e Emiliano Pereira da comunidade do Salgadinho. Estaremos realizando ainda neste primeiro semestre processo de licita\u00e7\u00e3o com o objetivo de adquirir outro sistema de ar condicionado para beneficiar as demais escolas municipais que est\u00e3o localizadas em \u00e1rea rural, disse ela.<br><\/p>\n\n\n\n<p>Tivemos que fazer projeto el\u00e9trico de todas essas unidades, haja vista, que as instala\u00e7\u00f5es el\u00e9tricas antigas n\u00e3o permitiam a carga instalada, o que poderia ocasionar problemas diversos. <\/p>\n\n\n\n<p>Outro fator importante e que estamos realizando atrav\u00e9s da SOPSUR \u2013 Secretaria de Obras P\u00fablicas e Servi\u00e7os Urbanos \u00e9 o fechamento do teto e de janelas para que possamos ter um funcionamento melhor do sistema de ar refrigerado, argumentou a secret\u00e1ria.<\/p>\n\n\n\n<p><br>O secret\u00e1rio Jos\u00e9 Marcelo, de Obras P\u00fablicas e Servi\u00e7os Urbanos garante que at\u00e9 o fim do recesso e inicio das aulas em 10 de Fevereiro do corrente, as 04(quatro) unidades de ensino dever\u00e3o esta pronta com as instala\u00e7\u00f5es el\u00e9tricas e toda infraestrutura pronta. <\/p>\n\n\n\n<p>Teremos muito trabalho pela frente, mas por determina\u00e7\u00e3o do prefeito Silvano Dudu estaremos fazendo em grande esfor\u00e7o coletivo para tender toda demanda, afirmou ele.<\/p>\n\n\n\n<p><br>Segundo o prefeito Silvano Dudu est\u00e1 \u00e9 mais uma a\u00e7\u00e3o que estamos implantando na atual gest\u00e3o que ir\u00e1 proporcionar aos nossos alunos, professores e funcion\u00e1rios um melhor desempenho no aspecto de log\u00edstica, pois, o calor dos \u00faltimos anos tem contribu\u00eddo significativamente para que pud\u00e9ssemos instalar esses ar condicionado, melhorando o ensino e aprendizagem de nossos educadores e crian\u00e7as, afirmou ele.<\/p>\n\n\n\n<p>Fonte: SEPLACOM<br>Foto: Miguel Filho<\/p>\n","protected":false},"excerpt":{"rendered":"<p>Aproveitando o recesso escolar da rede p\u00fablico de ensino a Secretaria da Educa\u00e7\u00e3o em parceria com a Secretaria de Obras P\u00fablicas e Servi\u00e7os Urbanos iniciou&hellip; <\/p>\n","protected":false},"author":1,"featured_media":146444,"comment_status":"closed","ping_status":"closed","sticky":false,"template":"","format":"standard","meta":{"sfsi_plus_gutenberg_text_before_share":"","sfsi_plus_gutenberg_show_text_before_share":"","sfsi_plus_gutenberg_icon_type":"","sfsi_plus_gutenberg_icon_alignemt":"","sfsi_plus_gutenburg_max_per_row":"","footnotes":""},"categories":[6],"tags":[],"class_list":["post-146442","post","type-post","status-publish","format-standard","has-post-thumbnail","hentry","category-cidades"],"_links":{"self":[{"href":"https:\/\/www.caririemacao.com\/1\/wp-json\/wp\/v2\/posts\/146442","targetHints":{"allow":["GET"]}}],"collection":[{"href":"https:\/\/www.caririemacao.com\/1\/wp-json\/wp\/v2\/posts"}],"about":[{"href":"https:\/\/www.caririemacao.com\/1\/wp-json\/wp\/v2\/types\/post"}],"author":[{"embeddable":true,"href":"https:\/\/www.caririemacao.com\/1\/wp-json\/wp\/v2\/users\/1"}],"replies":[{"embeddable":true,"href":"https:\/\/www.caririemacao.com\/1\/wp-json\/wp\/v2\/comments?post=146442"}],"version-history":[{"count":1,"href":"https:\/\/www.caririemacao.com\/1\/wp-json\/wp\/v2\/posts\/146442\/revisions"}],"predecessor-version":[{"id":146445,"href":"https:\/\/www.caririemacao.com\/1\/wp-json\/wp\/v2\/posts\/146442\/revisions\/146445"}],"wp:featuredmedia":[{"embeddable":true,"href":"https:\/\/www.caririemacao.com\/1\/wp-json\/wp\/v2\/media\/146444"}],"wp:attachment":[{"href":"https:\/\/www.caririemacao.com\/1\/wp-json\/wp\/v2\/media?parent=146442"}],"wp:term":[{"taxonomy":"category","embeddable":true,"href":"https:\/\/www.caririemacao.com\/1\/wp-json\/wp\/v2\/categories?post=146442"},{"taxonomy":"post_tag","embeddable":true,"href":"https:\/\/www.caririemacao.com\/1\/wp-json\/wp\/v2\/tags?post=146442"}],"curies":[{"name":"wp","href":"https:\/\/api.w.org\/{rel}","templated":true}]}}