{"id":146454,"date":"2020-01-13T09:19:03","date_gmt":"2020-01-13T12:19:03","guid":{"rendered":"http:\/\/www.caririemacao.com\/1\/?p=146454"},"modified":"2020-01-13T09:19:03","modified_gmt":"2020-01-13T12:19:03","slug":"humorista-do-sbt-e-internado-com-infeccao-intestinal","status":"publish","type":"post","link":"https:\/\/www.caririemacao.com\/1\/2020\/01\/13\/humorista-do-sbt-e-internado-com-infeccao-intestinal\/","title":{"rendered":"Humorista do SBT \u00e9 internado com infec\u00e7\u00e3o intestinal"},"content":{"rendered":"\n<p>Carlos Alberto de N\u00f3brega, 83, est\u00e1 internado no Hospital S\u00edrio-Liban\u00eas, em S\u00e3o Paulo para tratar de uma infec\u00e7\u00e3o generalizada. Por meio e v\u00eddeos publicados no Stories de seu Instagram neste domingo (12), o apresentador do SBT contou ter passado mal ap\u00f3s ter ingerido um iogurte, cuja data de validade estava vencida.<\/p>\n\n\n\n<p>\u201cHoje o assunto \u00e9 s\u00e9rio. Estou internado aqui no hospital S\u00edrio por uma infec\u00e7\u00e3o generalizada causada por uma infec\u00e7\u00e3o intestinal, porque eu tomei na quarta-feira (8) um iogurte e n\u00e3o reparei na validade. Isso \u00e9 uma coisa muito s\u00e9ria. Voc\u00ea tem que fazer o que eu n\u00e3o fiz. Quando for comprar qualquer produto, veja a validade. Porque \u00e0s vezes voc\u00ea pode perder a tua vida por causa de uma besteira, de uma irresponsabilidade de comerciantes que n\u00e3o se preocupam com as pessoas, com seus semelhantes\u201d, disse N\u00f3brega.<\/p>\n\n\n\n<p>Em seguida, o humorista, de forma descontra\u00edda, tranquilizou seus seguidores dizendo que estava bem e alertando-os para n\u00e3o acreditarem em fofocas.<\/p>\n\n\n\n<p>\u201cLevei um susto muito grande. Vou ficar internado alguns dias aqui. E a partir de agora, certamente, vou ver validade at\u00e9 na minha mulher, coitada, que est\u00e1 pagando por isso. Tomem cuidado, gente. E o que sair a\u00ed \u00e9 fofoca, eu estou bem, gra\u00e7as a Deus.\u201d<\/p>\n","protected":false},"excerpt":{"rendered":"<p>Carlos Alberto de N\u00f3brega, 83, est\u00e1 internado no Hospital S\u00edrio-Liban\u00eas, em S\u00e3o Paulo para tratar de uma infec\u00e7\u00e3o generalizada. Por meio e v\u00eddeos publicados no&hellip; <\/p>\n","protected":false},"author":1,"featured_media":146456,"comment_status":"closed","ping_status":"closed","sticky":false,"template":"","format":"standard","meta":{"sfsi_plus_gutenberg_text_before_share":"","sfsi_plus_gutenberg_show_text_before_share":"","sfsi_plus_gutenberg_icon_type":"","sfsi_plus_gutenberg_icon_alignemt":"","sfsi_plus_gutenburg_max_per_row":"","footnotes":""},"categories":[2],"tags":[],"class_list":["post-146454","post","type-post","status-publish","format-standard","has-post-thumbnail","hentry","category-geral"],"_links":{"self":[{"href":"https:\/\/www.caririemacao.com\/1\/wp-json\/wp\/v2\/posts\/146454","targetHints":{"allow":["GET"]}}],"collection":[{"href":"https:\/\/www.caririemacao.com\/1\/wp-json\/wp\/v2\/posts"}],"about":[{"href":"https:\/\/www.caririemacao.com\/1\/wp-json\/wp\/v2\/types\/post"}],"author":[{"embeddable":true,"href":"https:\/\/www.caririemacao.com\/1\/wp-json\/wp\/v2\/users\/1"}],"replies":[{"embeddable":true,"href":"https:\/\/www.caririemacao.com\/1\/wp-json\/wp\/v2\/comments?post=146454"}],"version-history":[{"count":1,"href":"https:\/\/www.caririemacao.com\/1\/wp-json\/wp\/v2\/posts\/146454\/revisions"}],"predecessor-version":[{"id":146457,"href":"https:\/\/www.caririemacao.com\/1\/wp-json\/wp\/v2\/posts\/146454\/revisions\/146457"}],"wp:featuredmedia":[{"embeddable":true,"href":"https:\/\/www.caririemacao.com\/1\/wp-json\/wp\/v2\/media\/146456"}],"wp:attachment":[{"href":"https:\/\/www.caririemacao.com\/1\/wp-json\/wp\/v2\/media?parent=146454"}],"wp:term":[{"taxonomy":"category","embeddable":true,"href":"https:\/\/www.caririemacao.com\/1\/wp-json\/wp\/v2\/categories?post=146454"},{"taxonomy":"post_tag","embeddable":true,"href":"https:\/\/www.caririemacao.com\/1\/wp-json\/wp\/v2\/tags?post=146454"}],"curies":[{"name":"wp","href":"https:\/\/api.w.org\/{rel}","templated":true}]}}