{"id":146470,"date":"2020-01-13T10:09:20","date_gmt":"2020-01-13T13:09:20","guid":{"rendered":"http:\/\/www.caririemacao.com\/1\/?p=146470"},"modified":"2020-01-13T10:09:20","modified_gmt":"2020-01-13T13:09:20","slug":"pai-mae-e-filhas-que-iam-da-paraiba-para-sao-paulo-morrem-em-grave-acidente-na-br-116-em-mg","status":"publish","type":"post","link":"https:\/\/www.caririemacao.com\/1\/2020\/01\/13\/pai-mae-e-filhas-que-iam-da-paraiba-para-sao-paulo-morrem-em-grave-acidente-na-br-116-em-mg\/","title":{"rendered":"Pai, m\u00e3e e filhas que iam da Para\u00edba para S\u00e3o Paulo morrem em grave acidente na BR-116 em MG"},"content":{"rendered":"\n<p>Quatro pessoas da mesma fam\u00edlia morreram em um acidente na madrugada deste domingo (12) na BR-116, pr\u00f3ximo a Itaobim (MG). Segundo a Pol\u00edcia Rodovi\u00e1ria Federal, um carro invadiu a contram\u00e3o e bateu contra um caminh\u00e3o que vinha no sentido contr\u00e1rio, por volta de 4h45.<\/p>\n\n\n\n<p>Ainda de acordo com a PRF, no carro havia quatro pessoas da mesma fam\u00edlia. A condutora era uma mulher de 38 anos, o marido dela estava no banco do passageiro e as tr\u00eas filhas deles no banco de tr\u00e1s do ve\u00edculo. O casal e uma das filhas morreram no local. Os corpos foram encaminhados para o IML de Te\u00f3filo Otoni.<\/p>\n\n\n\n<p>As outras duas filhas foram socorridas em estado grave pelo Samu e encaminhadas para hospital em Itaobim, mas uma delas morreu depois de dar entrada na unidade. N\u00e3o h\u00e1 informa\u00e7\u00f5es ainda sobre o estado de sa\u00fade da outra v\u00edtima.<\/p>\n\n\n\n<p>A PRF informou que a fam\u00edlia havia sa\u00eddo da Para\u00edba com destino ao interior de S\u00e3o Paulo, a suspeita \u00e9 que a motorista tenha dormido ao volante. Morreram no acidente \u00c9rika Cristina Ara\u00fajo, de 38 anos, seu marido Afonso da Silva Gomes, de 48 anos, e as filhas Luiza Cristina Ara\u00fajo Gomes, de 11, e Izabela Caroline Ara\u00fajo Gomes, de 18 anos<\/p>\n\n\n\n<p>O caminh\u00e3o atingido seguia de Minas Gerais para a Bahia transportando produtos diversos. O condutor do caminh\u00e3o n\u00e3o ficou ferido.<\/p>\n\n\n\n<p><em>Com G1<\/em><\/p>\n","protected":false},"excerpt":{"rendered":"<p>Quatro pessoas da mesma fam\u00edlia morreram em um acidente na madrugada deste domingo (12) na BR-116, pr\u00f3ximo a Itaobim (MG). Segundo a Pol\u00edcia Rodovi\u00e1ria Federal,&hellip; <\/p>\n","protected":false},"author":1,"featured_media":146472,"comment_status":"closed","ping_status":"closed","sticky":false,"template":"","format":"standard","meta":{"sfsi_plus_gutenberg_text_before_share":"","sfsi_plus_gutenberg_show_text_before_share":"","sfsi_plus_gutenberg_icon_type":"","sfsi_plus_gutenberg_icon_alignemt":"","sfsi_plus_gutenburg_max_per_row":"","footnotes":""},"categories":[2],"tags":[],"class_list":["post-146470","post","type-post","status-publish","format-standard","has-post-thumbnail","hentry","category-geral"],"_links":{"self":[{"href":"https:\/\/www.caririemacao.com\/1\/wp-json\/wp\/v2\/posts\/146470","targetHints":{"allow":["GET"]}}],"collection":[{"href":"https:\/\/www.caririemacao.com\/1\/wp-json\/wp\/v2\/posts"}],"about":[{"href":"https:\/\/www.caririemacao.com\/1\/wp-json\/wp\/v2\/types\/post"}],"author":[{"embeddable":true,"href":"https:\/\/www.caririemacao.com\/1\/wp-json\/wp\/v2\/users\/1"}],"replies":[{"embeddable":true,"href":"https:\/\/www.caririemacao.com\/1\/wp-json\/wp\/v2\/comments?post=146470"}],"version-history":[{"count":1,"href":"https:\/\/www.caririemacao.com\/1\/wp-json\/wp\/v2\/posts\/146470\/revisions"}],"predecessor-version":[{"id":146473,"href":"https:\/\/www.caririemacao.com\/1\/wp-json\/wp\/v2\/posts\/146470\/revisions\/146473"}],"wp:featuredmedia":[{"embeddable":true,"href":"https:\/\/www.caririemacao.com\/1\/wp-json\/wp\/v2\/media\/146472"}],"wp:attachment":[{"href":"https:\/\/www.caririemacao.com\/1\/wp-json\/wp\/v2\/media?parent=146470"}],"wp:term":[{"taxonomy":"category","embeddable":true,"href":"https:\/\/www.caririemacao.com\/1\/wp-json\/wp\/v2\/categories?post=146470"},{"taxonomy":"post_tag","embeddable":true,"href":"https:\/\/www.caririemacao.com\/1\/wp-json\/wp\/v2\/tags?post=146470"}],"curies":[{"name":"wp","href":"https:\/\/api.w.org\/{rel}","templated":true}]}}