{"id":146478,"date":"2020-01-13T10:12:22","date_gmt":"2020-01-13T13:12:22","guid":{"rendered":"http:\/\/www.caririemacao.com\/1\/?p=146478"},"modified":"2020-01-13T10:12:22","modified_gmt":"2020-01-13T13:12:22","slug":"deputado-paraibano-apresenta-projeto-para-interligar-as-aguas-da-transposicao-do-rio-sao-francisco-com-as-cidades-do-cariri","status":"publish","type":"post","link":"https:\/\/www.caririemacao.com\/1\/2020\/01\/13\/deputado-paraibano-apresenta-projeto-para-interligar-as-aguas-da-transposicao-do-rio-sao-francisco-com-as-cidades-do-cariri\/","title":{"rendered":"Deputado paraibano apresenta projeto para interligar as \u00e1guas da Transposi\u00e7\u00e3o do Rio S\u00e3o Francisco com as cidades do Cariri"},"content":{"rendered":"\n<p>Um importante projeto est\u00e1 sendo defendido pelo deputado estadual Moacir Rodrigues. Trata-se do \u2018Ramal do Cariri\u2019, com o objetivo de realizar a pereniza\u00e7\u00e3o de Rios e A\u00e7udes levando \u00e1gua a milhares de pessoas da regi\u00e3o do Cariri paraibano.<\/p>\n\n\n\n<p>No projeto intitulado de \u201cRamal do Cariri\u201d beneficia diretamente a regi\u00e3o do Cariri, que recebeu o eixo leste da Transposi\u00e7\u00e3o do Rio S\u00e3o Francisco. O deputado prop\u00f5e que a partir de Monteiro, porta de entrada das \u00e1guas do S\u00e3o Francisco na Para\u00edba, seja feito a distribui\u00e7\u00e3o da \u00e1gua, at\u00e9 as cidades que a transposi\u00e7\u00e3o n\u00e3o chegou, atingindo milhares de pessoas que sonham com a seguran\u00e7a h\u00eddrica na regi\u00e3o.<\/p>\n\n\n\n<p>Segundo o parlamentar, a cria\u00e7\u00e3o do Ramal do Cariri, ir\u00e1 perenizar Rios e A\u00e7udes, como: o A\u00e7ude de Sum\u00e9, Serra Branca I e II, Rio Tapero\u00e1 e tantos outros, beneficiando milhares de pessoas na regi\u00e3o, trazendo desenvolvimento e gera\u00e7\u00e3o de empregos.<\/p>\n\n\n\n<p>As cidades beneficiadas com o projeto ser\u00e3o: Sum\u00e9, Serra Branca, Tapero\u00e1, Prata, Livramento, S\u00e3o Jos\u00e9 dos Cordeiros, Parari, Amparo, S\u00e3o Jo\u00e3o do Cariri, Gurj\u00e3o, Ouro Velho, Congo, Santo Andr\u00e9, al\u00e9m de outras cidades que ser\u00e3o afetadas indiretamente tais como Campina Grande, Boa Vista, Pocinhos, Areial, Cabaceiras, Montadas, Puxinan\u00e3, Olivedos, Soledade, Juazeirinho, Assun\u00e7\u00e3o, Salgadinho, Desterro, Areia de Bara\u00fanas Cacimbas, Passagem, S\u00e3o Domingos do Cariri, Coxixola e Esperan\u00e7a.<\/p>\n\n\n\n<p>Moacir revelou que existe uma articula\u00e7\u00e3o junto ao Governo Federal para somar for\u00e7as na execu\u00e7\u00e3o deste projeto e que busca a cada dia trabalhar para honrar seu mandato de deputado estadual.<\/p>\n\n\n\n<div class=\"wp-block-image\"><figure class=\"aligncenter\"><img decoding=\"async\" data-src=\"http:\/\/deolhonocariri.com.br\/wp-content\/uploads\/2020\/01\/82480890_1229849100548137_3537610265015091200_o.jpg\" alt=\"\" class=\"wp-image-76396 lazyload\" src=\"data:image\/svg+xml;base64,PHN2ZyB3aWR0aD0iMSIgaGVpZ2h0PSIxIiB4bWxucz0iaHR0cDovL3d3dy53My5vcmcvMjAwMC9zdmciPjwvc3ZnPg==\" \/><\/figure><\/div>\n\n\n\n<p><strong>De Olho no Cariri<\/strong><\/p>\n","protected":false},"excerpt":{"rendered":"<p>Um importante projeto est\u00e1 sendo defendido pelo deputado estadual Moacir Rodrigues. Trata-se do \u2018Ramal do Cariri\u2019, com o objetivo de realizar a pereniza\u00e7\u00e3o de Rios&hellip; <\/p>\n","protected":false},"author":1,"featured_media":146480,"comment_status":"closed","ping_status":"closed","sticky":false,"template":"","format":"standard","meta":{"sfsi_plus_gutenberg_text_before_share":"","sfsi_plus_gutenberg_show_text_before_share":"","sfsi_plus_gutenberg_icon_type":"","sfsi_plus_gutenberg_icon_alignemt":"","sfsi_plus_gutenburg_max_per_row":"","footnotes":""},"categories":[2],"tags":[],"class_list":["post-146478","post","type-post","status-publish","format-standard","has-post-thumbnail","hentry","category-geral"],"_links":{"self":[{"href":"https:\/\/www.caririemacao.com\/1\/wp-json\/wp\/v2\/posts\/146478","targetHints":{"allow":["GET"]}}],"collection":[{"href":"https:\/\/www.caririemacao.com\/1\/wp-json\/wp\/v2\/posts"}],"about":[{"href":"https:\/\/www.caririemacao.com\/1\/wp-json\/wp\/v2\/types\/post"}],"author":[{"embeddable":true,"href":"https:\/\/www.caririemacao.com\/1\/wp-json\/wp\/v2\/users\/1"}],"replies":[{"embeddable":true,"href":"https:\/\/www.caririemacao.com\/1\/wp-json\/wp\/v2\/comments?post=146478"}],"version-history":[{"count":1,"href":"https:\/\/www.caririemacao.com\/1\/wp-json\/wp\/v2\/posts\/146478\/revisions"}],"predecessor-version":[{"id":146481,"href":"https:\/\/www.caririemacao.com\/1\/wp-json\/wp\/v2\/posts\/146478\/revisions\/146481"}],"wp:featuredmedia":[{"embeddable":true,"href":"https:\/\/www.caririemacao.com\/1\/wp-json\/wp\/v2\/media\/146480"}],"wp:attachment":[{"href":"https:\/\/www.caririemacao.com\/1\/wp-json\/wp\/v2\/media?parent=146478"}],"wp:term":[{"taxonomy":"category","embeddable":true,"href":"https:\/\/www.caririemacao.com\/1\/wp-json\/wp\/v2\/categories?post=146478"},{"taxonomy":"post_tag","embeddable":true,"href":"https:\/\/www.caririemacao.com\/1\/wp-json\/wp\/v2\/tags?post=146478"}],"curies":[{"name":"wp","href":"https:\/\/api.w.org\/{rel}","templated":true}]}}