{"id":146502,"date":"2020-01-15T16:13:47","date_gmt":"2020-01-15T19:13:47","guid":{"rendered":"http:\/\/www.caririemacao.com\/1\/?p=146502"},"modified":"2020-01-15T16:13:47","modified_gmt":"2020-01-15T19:13:47","slug":"com-empenho-do-prefeito-eden-duarte-regiao-do-cariri-recebera-corpo-de-bombeiros-militar","status":"publish","type":"post","link":"https:\/\/www.caririemacao.com\/1\/2020\/01\/15\/com-empenho-do-prefeito-eden-duarte-regiao-do-cariri-recebera-corpo-de-bombeiros-militar\/","title":{"rendered":"Com empenho do prefeito \u00c9den Duarte, regi\u00e3o do Cariri receber\u00e1 Corpo de Bombeiros Militar"},"content":{"rendered":"\n<p>O prefeito de Sum\u00e9, \u00c9den Duarte, agradeceu nesta quarta-feira (15) ao governador Jo\u00e3o Azevedo, a instala\u00e7\u00e3o do Corpo de Bombeiros no munic\u00edpio de Sum\u00e9, que atender\u00e1 a regi\u00e3o do Cariri paraibano.<\/p>\n\n\n\n<p>Esta \u00e9 mais uma parceria firmada entre a Prefeitura de Sum\u00e9 e o Governo da Para\u00edba. Numa luta do prefeito \u00c9den junto ao governador e ao coronel Marcelo Augusto de Ara\u00fajo. Assunto que ficou resolvido durante a plen\u00e1ria do Or\u00e7amento Democr\u00e1tico do Governo do Estado em abril do ano passado.<br>\nA Prefeitura de Sum\u00e9, em parceria com a Justi\u00e7a Federal, conseguiu a destina\u00e7\u00e3o de recursos, oriundos de multas judiciais, para a aquisi\u00e7\u00e3o dos equipamentos do pr\u00e9dio. Da\u00ed, a determina\u00e7\u00e3o da Justi\u00e7a para que funcione o quanto antes.<\/p>\n\n\n\n<p>A Prefeitura tamb\u00e9m j\u00e1 fez a cess\u00e3o de uso do pr\u00e9dio para o Corpo de Bombeiros, assim como fez a reforma, amplia\u00e7\u00e3o e adequa\u00e7\u00e3o do local onde ir\u00e1 funcionar, no bairro do Carro Quebrado. Devendo ser inaugurado at\u00e9 junho.<\/p>\n\n\n\n<p>\u201cNa \u00faltima quinta-feira (09), ainda mantive reuni\u00e3o em Jo\u00e3o Pessoa com a Justi\u00e7a Federal para tratar da aquisi\u00e7\u00e3o dos equipamentos. Comemoro essa parceria com o Governo do Estado. O Cariri era uma das poucas regi\u00f5es da Para\u00edba que ainda n\u00e3o dispunha diretamente deste servi\u00e7o. Nos \u00faltimos meses sentimos ainda mais a necessidade quando as queimadas ocorreram fortemente por aqui, dependendo do deslocamento dos bombeiros de Campina Grande. Agora a presta\u00e7\u00e3o do servi\u00e7o ficar\u00e1 mais \u00e1gil. \u00c9 uma conquista para toda a regi\u00e3o\u201d, disse o prefeito \u00c9den.<\/p>\n\n\n\n<p>A unidade do Cariri ir\u00e1 atender as cidades de: Sum\u00e9, Amparo, Camala\u00fa, S\u00e3o Jo\u00e3o do Tigre, Cara\u00fabas, Congo, Coxixola, Gurj\u00e3o, Ouro Velho, Parari, S\u00e3o Jo\u00e3o do Cariri, Zabel\u00ea, Monteiro, S\u00e3o Jos\u00e9 dos Cordeiros, Serra Branca, Prata e S\u00e3o Sebasti\u00e3o do Umbuzeiro.<\/p>\n\n\n\n<p>Entre as \u00e1reas de atua\u00e7\u00e3o do Corpo de Bombeiros est\u00e3o: combate a inc\u00eandio, busca e salvamento (terrestre, aqu\u00e1tico, em altura, mergulho), atendimento pr\u00e9-hospitalar e servi\u00e7os t\u00e9cnicos como: an\u00e1lise de projetos e vistorias e certifica\u00e7\u00f5es de edifica\u00e7\u00f5es comerciais.<\/p>\n","protected":false},"excerpt":{"rendered":"<p>O prefeito de Sum\u00e9, \u00c9den Duarte, agradeceu nesta quarta-feira (15) ao governador Jo\u00e3o Azevedo, a instala\u00e7\u00e3o do Corpo de Bombeiros no munic\u00edpio de Sum\u00e9, que&hellip; <\/p>\n","protected":false},"author":1,"featured_media":146505,"comment_status":"closed","ping_status":"closed","sticky":false,"template":"","format":"standard","meta":{"sfsi_plus_gutenberg_text_before_share":"","sfsi_plus_gutenberg_show_text_before_share":"","sfsi_plus_gutenberg_icon_type":"","sfsi_plus_gutenberg_icon_alignemt":"","sfsi_plus_gutenburg_max_per_row":"","footnotes":""},"categories":[50,2],"tags":[],"class_list":["post-146502","post","type-post","status-publish","format-standard","has-post-thumbnail","hentry","category-destaque","category-geral"],"_links":{"self":[{"href":"https:\/\/www.caririemacao.com\/1\/wp-json\/wp\/v2\/posts\/146502","targetHints":{"allow":["GET"]}}],"collection":[{"href":"https:\/\/www.caririemacao.com\/1\/wp-json\/wp\/v2\/posts"}],"about":[{"href":"https:\/\/www.caririemacao.com\/1\/wp-json\/wp\/v2\/types\/post"}],"author":[{"embeddable":true,"href":"https:\/\/www.caririemacao.com\/1\/wp-json\/wp\/v2\/users\/1"}],"replies":[{"embeddable":true,"href":"https:\/\/www.caririemacao.com\/1\/wp-json\/wp\/v2\/comments?post=146502"}],"version-history":[{"count":1,"href":"https:\/\/www.caririemacao.com\/1\/wp-json\/wp\/v2\/posts\/146502\/revisions"}],"predecessor-version":[{"id":146506,"href":"https:\/\/www.caririemacao.com\/1\/wp-json\/wp\/v2\/posts\/146502\/revisions\/146506"}],"wp:featuredmedia":[{"embeddable":true,"href":"https:\/\/www.caririemacao.com\/1\/wp-json\/wp\/v2\/media\/146505"}],"wp:attachment":[{"href":"https:\/\/www.caririemacao.com\/1\/wp-json\/wp\/v2\/media?parent=146502"}],"wp:term":[{"taxonomy":"category","embeddable":true,"href":"https:\/\/www.caririemacao.com\/1\/wp-json\/wp\/v2\/categories?post=146502"},{"taxonomy":"post_tag","embeddable":true,"href":"https:\/\/www.caririemacao.com\/1\/wp-json\/wp\/v2\/tags?post=146502"}],"curies":[{"name":"wp","href":"https:\/\/api.w.org\/{rel}","templated":true}]}}