{"id":146509,"date":"2020-01-15T16:16:09","date_gmt":"2020-01-15T19:16:09","guid":{"rendered":"http:\/\/www.caririemacao.com\/1\/?p=146509"},"modified":"2020-01-15T16:16:09","modified_gmt":"2020-01-15T19:16:09","slug":"maduro-ameaca-arrebentar-os-dentes-de-bolsonaro","status":"publish","type":"post","link":"https:\/\/www.caririemacao.com\/1\/2020\/01\/15\/maduro-ameaca-arrebentar-os-dentes-de-bolsonaro\/","title":{"rendered":"Maduro amea\u00e7a \u2018arrebentar os dentes\u2019 de Bolsonaro"},"content":{"rendered":"\n<p>O presidente da Venezuela, Nicol\u00e1s Maduro, fez amea\u00e7as aos governos de Brasil e Col\u00f4mbia em sua mensagem anual \u00e0 na\u00e7\u00e3o na noite de ter\u00e7a-feira. Sem dar maiores detalhes ou apresentar evid\u00eancias, o venezuelano afirmou que conhece os \u201cplanos\u201d das duas na\u00e7\u00f5es e amea\u00e7ou \u201carrebentar seus dentes\u201d em caso de agress\u00e3o militar \u00e0 Venezuela.<\/p>\n\n\n\n<p>\u201cConhe\u00e7o os planos imperialistas (dos Estados Unidos) e conhe\u00e7o em detalhes os planos das oligarquias colombianas e de Jair Bolsonaro\u201d, disse Maduro. \u201cSe eles se atreverem, vamos arrebentar seus dentes para que aprendam a respeitar a For\u00e7a Armada Nacional Bolivariana e o povo de (Sim\u00f3n) Bol\u00edvar.\u201d<\/p>\n\n\n\n<p>O presidente brasileiro j\u00e1 descartou o uso da for\u00e7a militar para for\u00e7ar uma troca de governo na Venezuela, apesar de j\u00e1 ter discutido o assunto com os Estados Unidos. Mas as tens\u00f5es entre os dois pa\u00edses continuam elevadas. Em novembro de 2019, a embaixada venezuelana em bras\u00edlia foi palco de uma confus\u00e3o entre diplomatas e apoiadores de Maduro e partid\u00e1rios do l\u00edder opositor, Juan Guaid\u00f3.<\/p>\n\n\n\n<p>A situa\u00e7\u00e3o entre Venezuela e Col\u00f4mbia tamb\u00e9m \u00e9 tensa. Nos \u00faltimos meses, Maduro acusou o governo colombiano de preparar ataques falsos na fronteira para exigir uma resposta militar do pa\u00eds e permitir assim uma interven\u00e7\u00e3o dos Estados Unidos na regi\u00e3o.<\/p>\n","protected":false},"excerpt":{"rendered":"<p>O presidente da Venezuela, Nicol\u00e1s Maduro, fez amea\u00e7as aos governos de Brasil e Col\u00f4mbia em sua mensagem anual \u00e0 na\u00e7\u00e3o na noite de ter\u00e7a-feira. Sem&hellip; <\/p>\n","protected":false},"author":1,"featured_media":146514,"comment_status":"closed","ping_status":"closed","sticky":false,"template":"","format":"standard","meta":{"sfsi_plus_gutenberg_text_before_share":"","sfsi_plus_gutenberg_show_text_before_share":"","sfsi_plus_gutenberg_icon_type":"","sfsi_plus_gutenberg_icon_alignemt":"","sfsi_plus_gutenburg_max_per_row":"","footnotes":""},"categories":[50,11],"tags":[],"class_list":["post-146509","post","type-post","status-publish","format-standard","has-post-thumbnail","hentry","category-destaque","category-politica"],"_links":{"self":[{"href":"https:\/\/www.caririemacao.com\/1\/wp-json\/wp\/v2\/posts\/146509","targetHints":{"allow":["GET"]}}],"collection":[{"href":"https:\/\/www.caririemacao.com\/1\/wp-json\/wp\/v2\/posts"}],"about":[{"href":"https:\/\/www.caririemacao.com\/1\/wp-json\/wp\/v2\/types\/post"}],"author":[{"embeddable":true,"href":"https:\/\/www.caririemacao.com\/1\/wp-json\/wp\/v2\/users\/1"}],"replies":[{"embeddable":true,"href":"https:\/\/www.caririemacao.com\/1\/wp-json\/wp\/v2\/comments?post=146509"}],"version-history":[{"count":1,"href":"https:\/\/www.caririemacao.com\/1\/wp-json\/wp\/v2\/posts\/146509\/revisions"}],"predecessor-version":[{"id":146515,"href":"https:\/\/www.caririemacao.com\/1\/wp-json\/wp\/v2\/posts\/146509\/revisions\/146515"}],"wp:featuredmedia":[{"embeddable":true,"href":"https:\/\/www.caririemacao.com\/1\/wp-json\/wp\/v2\/media\/146514"}],"wp:attachment":[{"href":"https:\/\/www.caririemacao.com\/1\/wp-json\/wp\/v2\/media?parent=146509"}],"wp:term":[{"taxonomy":"category","embeddable":true,"href":"https:\/\/www.caririemacao.com\/1\/wp-json\/wp\/v2\/categories?post=146509"},{"taxonomy":"post_tag","embeddable":true,"href":"https:\/\/www.caririemacao.com\/1\/wp-json\/wp\/v2\/tags?post=146509"}],"curies":[{"name":"wp","href":"https:\/\/api.w.org\/{rel}","templated":true}]}}