{"id":146517,"date":"2020-01-15T16:17:40","date_gmt":"2020-01-15T19:17:40","guid":{"rendered":"http:\/\/www.caririemacao.com\/1\/?p=146517"},"modified":"2020-01-15T16:17:40","modified_gmt":"2020-01-15T19:17:40","slug":"bolsonaro-diz-que-nao-se-envolvera-na-eleicao-de-2020-se-alianca-nao-for-criada","status":"publish","type":"post","link":"https:\/\/www.caririemacao.com\/1\/2020\/01\/15\/bolsonaro-diz-que-nao-se-envolvera-na-eleicao-de-2020-se-alianca-nao-for-criada\/","title":{"rendered":"Bolsonaro diz que n\u00e3o se envolver\u00e1 na elei\u00e7\u00e3o de 2020 se Alian\u00e7a n\u00e3o for criada"},"content":{"rendered":"\n<p>Ap\u00f3s sinalizar apoios na disputa municipal deste ano, o presidente Jair Bolsonaro disse nesta quarta-feira (15) que n\u00e3o subir\u00e1 no palanque eleitoral de candidatos que n\u00e3o sejam filiados ao Alian\u00e7a pelo Brasil, partido que pretende criar.<\/p>\n\n\n\n<p>Na entrada do Pal\u00e1cio do Alvorada, onde cumprimentou um grupo de eleitores, ele disse que n\u00e3o discutir\u00e1 pol\u00edtica caso a sua legenda n\u00e3o lance nomes. O pr\u00f3prio presidente j\u00e1 afirmou que a chance \u00e9 de &#8220;1%&#8221; de a nova sigla ser viabilizada a tempo.<\/p>\n\n\n\n<p>&#8220;N\u00e3o discuto pol\u00edtica. Se meu partido n\u00e3o tiver candidato, n\u00e3o vou me meter em pol\u00edtica municipal no corrente ano, ponto final&#8221;, afirmou.<\/p>\n\n\n\n<p>O partido precisa do apoio de 492 mil assinaturas at\u00e9 abril para participar do pleito municipal. Nesta semana, foi iniciado um mutir\u00e3o para colher apoios, com foco no Nordeste. <\/p>\n\n\n\n<p>Depois, a Justi\u00e7a Eleitoral ainda precisa checar as assinaturas e conceder o registro, processo que n\u00e3o costuma ser c\u00e9lere. Em car\u00e1ter reservado, aliados do presidente estimam que isso s\u00f3 deve ocorrer no segundo semestre.<\/p>\n\n\n\n<p>Com o cen\u00e1rio desfavor\u00e1vel, Bolsonaro chegou a articular o apoio a nomes de outras legendas pelos quais ele tem simpatia, como do apresentador Jos\u00e9 Luiz Datena (sem partido-SP) e do deputado federal Otoni de Paula (PSC-RJ).<\/p>\n\n\n\n<p>Ele, no entanto, passou a repensar essa possibilidade desde o in\u00edcio desta semana. Nesta quarta-feira (15), ele ter\u00e1 audi\u00eancia no Pal\u00e1cio do Planalto com o presidente da Fiesp (Federa\u00e7\u00e3o das Ind\u00fastrias do Estado de S\u00e3o Paulo), Paulo Skaf.<\/p>\n\n\n\n<p>O empres\u00e1rio \u00e9 filiado ao MDB, mas, segundo aliados do presidente, ele cogita se filiar ao Alian\u00e7a e se candidatar pelo partido novamente ao Governo de S\u00e3o Paulo. Na \u00faltima elei\u00e7\u00e3o, ele ficou em terceiro lugar no estado.<\/p>\n\n\n\n<p>Apesar do gesto do presidente, o PSL, seu antigo partido, come\u00e7ou a tra\u00e7ar uma estrat\u00e9gia para tentar conquistar ao menos 500 prefeituras em todo o Brasil. A ideia \u00e9 aproveitar a proje\u00e7\u00e3o que a elei\u00e7\u00e3o do presidente deu \u00e0 legenda.<\/p>\n\n\n\n<p>Hoje, segundo dados do TSE (Tribunal Superior Eleitoral), o partido tem apenas 32 prefeitos em todo o pa\u00eds -30 deles eleitos na corrida de 2016 e 2 em elei\u00e7\u00f5es suplementares. <\/p>\n\n\n\n<p>Segundo estat\u00edsticas do TSE, de setembro a dezembro do ano passado, o PSL perdeu 6.520 filiados. Hoje, a sigla tem 347.867 integrantes -bem atr\u00e1s de legendas como MDB, com 2.130.140, e PT, com 1.475.678.<\/p>\n","protected":false},"excerpt":{"rendered":"<p>Ap\u00f3s sinalizar apoios na disputa municipal deste ano, o presidente Jair Bolsonaro disse nesta quarta-feira (15) que n\u00e3o subir\u00e1 no palanque eleitoral de candidatos que&hellip; <\/p>\n","protected":false},"author":1,"featured_media":144423,"comment_status":"closed","ping_status":"closed","sticky":false,"template":"","format":"standard","meta":{"sfsi_plus_gutenberg_text_before_share":"","sfsi_plus_gutenberg_show_text_before_share":"","sfsi_plus_gutenberg_icon_type":"","sfsi_plus_gutenberg_icon_alignemt":"","sfsi_plus_gutenburg_max_per_row":"","footnotes":""},"categories":[50,11],"tags":[],"class_list":["post-146517","post","type-post","status-publish","format-standard","has-post-thumbnail","hentry","category-destaque","category-politica"],"_links":{"self":[{"href":"https:\/\/www.caririemacao.com\/1\/wp-json\/wp\/v2\/posts\/146517","targetHints":{"allow":["GET"]}}],"collection":[{"href":"https:\/\/www.caririemacao.com\/1\/wp-json\/wp\/v2\/posts"}],"about":[{"href":"https:\/\/www.caririemacao.com\/1\/wp-json\/wp\/v2\/types\/post"}],"author":[{"embeddable":true,"href":"https:\/\/www.caririemacao.com\/1\/wp-json\/wp\/v2\/users\/1"}],"replies":[{"embeddable":true,"href":"https:\/\/www.caririemacao.com\/1\/wp-json\/wp\/v2\/comments?post=146517"}],"version-history":[{"count":1,"href":"https:\/\/www.caririemacao.com\/1\/wp-json\/wp\/v2\/posts\/146517\/revisions"}],"predecessor-version":[{"id":146520,"href":"https:\/\/www.caririemacao.com\/1\/wp-json\/wp\/v2\/posts\/146517\/revisions\/146520"}],"wp:featuredmedia":[{"embeddable":true,"href":"https:\/\/www.caririemacao.com\/1\/wp-json\/wp\/v2\/media\/144423"}],"wp:attachment":[{"href":"https:\/\/www.caririemacao.com\/1\/wp-json\/wp\/v2\/media?parent=146517"}],"wp:term":[{"taxonomy":"category","embeddable":true,"href":"https:\/\/www.caririemacao.com\/1\/wp-json\/wp\/v2\/categories?post=146517"},{"taxonomy":"post_tag","embeddable":true,"href":"https:\/\/www.caririemacao.com\/1\/wp-json\/wp\/v2\/tags?post=146517"}],"curies":[{"name":"wp","href":"https:\/\/api.w.org\/{rel}","templated":true}]}}