{"id":146523,"date":"2020-01-15T16:19:42","date_gmt":"2020-01-15T19:19:42","guid":{"rendered":"http:\/\/www.caririemacao.com\/1\/?p=146523"},"modified":"2020-01-15T16:19:42","modified_gmt":"2020-01-15T19:19:42","slug":"policia-peruana-prende-brasileiros-por-defecarem-em-area-sagrada-de-machu-picchu","status":"publish","type":"post","link":"https:\/\/www.caririemacao.com\/1\/2020\/01\/15\/policia-peruana-prende-brasileiros-por-defecarem-em-area-sagrada-de-machu-picchu\/","title":{"rendered":"Pol\u00edcia peruana prende brasileiros por defecarem em \u00e1rea sagrada de Machu Picchu"},"content":{"rendered":"\n<p>A pol\u00edcia peruana prendeu seis turistas estrangeiros, sendo dois brasileiros, por terem entrado ilegalmente numa \u00e1rea restrita o Parque Arqueol\u00f3gico Nacional de Machu Picchu, o Templo do Sol. L\u00e1, foram encontradas fezes.<\/p>\n\n\n\n<p>O templo \u00e9 um espa\u00e7o sagrado constru\u00eddo h\u00e1 seis s\u00e9culos com blocos de granito para o culto ao deus Sol, a maior divindade inca.<\/p>\n\n\n\n<p>Os turistas detidos s\u00e3o os argentinos Nahuel G\u00f3mez, de 28 anos, e Leandro Sactiva, de 32 anos; a francesa Marion Lucie Mart\u00ednez, de 26 anos, o chileno Favi\u00e1n Eduardo Vera, de 30 anos, e os brasileiros Cristiano Da Silva Ribeiro, de 30 anos e Magdalena Abril, de 20 anos.<\/p>\n\n\n\n<p>Eles foram encontrados na \u00e1rea restrita por funcion\u00e1rios no dia 12 de janeiro, por volta de 5h50 no hor\u00e1rio local.<\/p>\n\n\n\n<p>De acordo com as autoridades, o argentino Nahuel G\u00f3mez revelou ter tirado uma pedra do muro do Templo do Sol, que ao cair de uma altura de seis metros causou uma fissura no piso do local hist\u00f3rico.<\/p>\n\n\n\n<p>De acordo com o jornal chileno La Republica, cinco dos envolvidos ser\u00e3o expulsos do Peru. Apenas o turista argentino, que tem 28 anos, permanece no distrito de Machu Picchu porque os outros envolvidos o apontaram como o principal respons\u00e1vel pelos danos causados ao patrim\u00f4nio hist\u00f3rico.<\/p>\n\n\n\n<p>A lei peruana estabelece penas de ao menos quatro anos para quem causa danos ao patrim\u00f4nio cultural.<\/p>\n","protected":false},"excerpt":{"rendered":"<p>A pol\u00edcia peruana prendeu seis turistas estrangeiros, sendo dois brasileiros, por terem entrado ilegalmente numa \u00e1rea restrita o Parque Arqueol\u00f3gico Nacional de Machu Picchu, o&hellip; <\/p>\n","protected":false},"author":1,"featured_media":146527,"comment_status":"closed","ping_status":"closed","sticky":false,"template":"","format":"standard","meta":{"sfsi_plus_gutenberg_text_before_share":"","sfsi_plus_gutenberg_show_text_before_share":"","sfsi_plus_gutenberg_icon_type":"","sfsi_plus_gutenberg_icon_alignemt":"","sfsi_plus_gutenburg_max_per_row":"","footnotes":""},"categories":[12],"tags":[],"class_list":["post-146523","post","type-post","status-publish","format-standard","has-post-thumbnail","hentry","category-policia"],"_links":{"self":[{"href":"https:\/\/www.caririemacao.com\/1\/wp-json\/wp\/v2\/posts\/146523","targetHints":{"allow":["GET"]}}],"collection":[{"href":"https:\/\/www.caririemacao.com\/1\/wp-json\/wp\/v2\/posts"}],"about":[{"href":"https:\/\/www.caririemacao.com\/1\/wp-json\/wp\/v2\/types\/post"}],"author":[{"embeddable":true,"href":"https:\/\/www.caririemacao.com\/1\/wp-json\/wp\/v2\/users\/1"}],"replies":[{"embeddable":true,"href":"https:\/\/www.caririemacao.com\/1\/wp-json\/wp\/v2\/comments?post=146523"}],"version-history":[{"count":1,"href":"https:\/\/www.caririemacao.com\/1\/wp-json\/wp\/v2\/posts\/146523\/revisions"}],"predecessor-version":[{"id":146528,"href":"https:\/\/www.caririemacao.com\/1\/wp-json\/wp\/v2\/posts\/146523\/revisions\/146528"}],"wp:featuredmedia":[{"embeddable":true,"href":"https:\/\/www.caririemacao.com\/1\/wp-json\/wp\/v2\/media\/146527"}],"wp:attachment":[{"href":"https:\/\/www.caririemacao.com\/1\/wp-json\/wp\/v2\/media?parent=146523"}],"wp:term":[{"taxonomy":"category","embeddable":true,"href":"https:\/\/www.caririemacao.com\/1\/wp-json\/wp\/v2\/categories?post=146523"},{"taxonomy":"post_tag","embeddable":true,"href":"https:\/\/www.caririemacao.com\/1\/wp-json\/wp\/v2\/tags?post=146523"}],"curies":[{"name":"wp","href":"https:\/\/api.w.org\/{rel}","templated":true}]}}