{"id":146556,"date":"2020-01-15T16:29:07","date_gmt":"2020-01-15T19:29:07","guid":{"rendered":"http:\/\/www.caririemacao.com\/1\/?p=146556"},"modified":"2020-01-15T16:29:07","modified_gmt":"2020-01-15T19:29:07","slug":"casal-e-feito-de-refem-e-tem-veiculo-levado-por-assalto-em-estrada-na-regiao-do-cariri","status":"publish","type":"post","link":"https:\/\/www.caririemacao.com\/1\/2020\/01\/15\/casal-e-feito-de-refem-e-tem-veiculo-levado-por-assalto-em-estrada-na-regiao-do-cariri\/","title":{"rendered":"Casal \u00e9 feito de ref\u00e9m e tem ve\u00edculo levado por assalto em estrada na regi\u00e3o do Cariri"},"content":{"rendered":"\n<p>Na manh\u00e3 desta quarta-feira(15) uma caminhonete Toyota Hilux de cor branca de placa QFV-4488  \u2013 Cara\u00fabas, foi tomada por assalto por criminosos.<\/p>\n\n\n\n<p>Segundo informa\u00e7\u00f5es preliminares, o caraubense Jonaldo e sua esposa foram interceptados por criminosos e feitos de ref\u00e9m na estrada que liga os munic\u00edpios de S\u00e3o Domingos do Cariri e Cara\u00fabas.<\/p>\n\n\n\n<p>Os assaltantes conduziram o casal at\u00e9 um s\u00edtio na zona rural de S\u00e3o Jo\u00e3o do Cariri e os liberaram no meio da estrada, levando o ve\u00edculo.<\/p>\n\n\n\n<p>Mais informa\u00e7\u00f5es a qualquer momento. <\/p>\n\n\n\n<p>De Olho no Cariri<\/p>\n","protected":false},"excerpt":{"rendered":"<p>Na manh\u00e3 desta quarta-feira(15) uma caminhonete Toyota Hilux de cor branca de placa QFV-4488 \u2013 Cara\u00fabas, foi tomada por assalto por criminosos. Segundo informa\u00e7\u00f5es preliminares,&hellip; <\/p>\n","protected":false},"author":1,"featured_media":41530,"comment_status":"closed","ping_status":"closed","sticky":false,"template":"","format":"standard","meta":{"sfsi_plus_gutenberg_text_before_share":"","sfsi_plus_gutenberg_show_text_before_share":"","sfsi_plus_gutenberg_icon_type":"","sfsi_plus_gutenberg_icon_alignemt":"","sfsi_plus_gutenburg_max_per_row":"","footnotes":""},"categories":[50,12],"tags":[],"class_list":["post-146556","post","type-post","status-publish","format-standard","has-post-thumbnail","hentry","category-destaque","category-policia"],"_links":{"self":[{"href":"https:\/\/www.caririemacao.com\/1\/wp-json\/wp\/v2\/posts\/146556","targetHints":{"allow":["GET"]}}],"collection":[{"href":"https:\/\/www.caririemacao.com\/1\/wp-json\/wp\/v2\/posts"}],"about":[{"href":"https:\/\/www.caririemacao.com\/1\/wp-json\/wp\/v2\/types\/post"}],"author":[{"embeddable":true,"href":"https:\/\/www.caririemacao.com\/1\/wp-json\/wp\/v2\/users\/1"}],"replies":[{"embeddable":true,"href":"https:\/\/www.caririemacao.com\/1\/wp-json\/wp\/v2\/comments?post=146556"}],"version-history":[{"count":1,"href":"https:\/\/www.caririemacao.com\/1\/wp-json\/wp\/v2\/posts\/146556\/revisions"}],"predecessor-version":[{"id":146562,"href":"https:\/\/www.caririemacao.com\/1\/wp-json\/wp\/v2\/posts\/146556\/revisions\/146562"}],"wp:featuredmedia":[{"embeddable":true,"href":"https:\/\/www.caririemacao.com\/1\/wp-json\/wp\/v2\/media\/41530"}],"wp:attachment":[{"href":"https:\/\/www.caririemacao.com\/1\/wp-json\/wp\/v2\/media?parent=146556"}],"wp:term":[{"taxonomy":"category","embeddable":true,"href":"https:\/\/www.caririemacao.com\/1\/wp-json\/wp\/v2\/categories?post=146556"},{"taxonomy":"post_tag","embeddable":true,"href":"https:\/\/www.caririemacao.com\/1\/wp-json\/wp\/v2\/tags?post=146556"}],"curies":[{"name":"wp","href":"https:\/\/api.w.org\/{rel}","templated":true}]}}