{"id":146584,"date":"2020-01-15T16:36:12","date_gmt":"2020-01-15T19:36:12","guid":{"rendered":"http:\/\/www.caririemacao.com\/1\/?p=146584"},"modified":"2020-01-15T16:36:12","modified_gmt":"2020-01-15T19:36:12","slug":"joao-azevedo-sanciona-plano-plurianual-e-lei-orcamentaria-anual-do-estado","status":"publish","type":"post","link":"https:\/\/www.caririemacao.com\/1\/2020\/01\/15\/joao-azevedo-sanciona-plano-plurianual-e-lei-orcamentaria-anual-do-estado\/","title":{"rendered":"Jo\u00e3o Azev\u00eado sanciona Plano Plurianual e Lei Or\u00e7ament\u00e1ria Anual do Estado"},"content":{"rendered":"\n<p>O governador Jo\u00e3o Azev\u00eado sancionou, com vetos, o Plano Plurianual (PPA) 2020-2023 e a Lei Or\u00e7ament\u00e1ria Anual (LOA) 2020, nesta ter\u00e7a-feira (14). Ambos os textos foram publicados no Di\u00e1rio Oficial do Estado desta quarta-feira (15). <\/p>\n\n\n\n<p>O PPA foi aprovado com 10 vetos. J\u00e1 a LOA, aprovada em R$ 12,708 bilh\u00f5es, foi aprovada com vetos a 89 emendas.<\/p>\n\n\n\n<p>A despesa total dos Or\u00e7amentos Fiscal e da Seguridade Social \u00e9 fixada em R$ 11,872 bilh\u00f5es, sendo R$ 8,410 bilh\u00f5es referentes ao or\u00e7amento fiscal e R$ 3,461 bilh\u00f5es referentes ao or\u00e7amento da seguridade social.<\/p>\n\n\n\n<p>As fontes de recursos para financiamento das despesas do Or\u00e7amento de Investimentos s\u00e3o de quase R$ 837 mil.<\/p>\n","protected":false},"excerpt":{"rendered":"<p>O governador Jo\u00e3o Azev\u00eado sancionou, com vetos, o Plano Plurianual (PPA) 2020-2023 e a Lei Or\u00e7ament\u00e1ria Anual (LOA) 2020, nesta ter\u00e7a-feira (14). Ambos os textos&hellip; <\/p>\n","protected":false},"author":1,"featured_media":145157,"comment_status":"closed","ping_status":"closed","sticky":false,"template":"","format":"standard","meta":{"sfsi_plus_gutenberg_text_before_share":"","sfsi_plus_gutenberg_show_text_before_share":"","sfsi_plus_gutenberg_icon_type":"","sfsi_plus_gutenberg_icon_alignemt":"","sfsi_plus_gutenburg_max_per_row":"","footnotes":""},"categories":[11],"tags":[],"class_list":["post-146584","post","type-post","status-publish","format-standard","has-post-thumbnail","hentry","category-politica"],"_links":{"self":[{"href":"https:\/\/www.caririemacao.com\/1\/wp-json\/wp\/v2\/posts\/146584","targetHints":{"allow":["GET"]}}],"collection":[{"href":"https:\/\/www.caririemacao.com\/1\/wp-json\/wp\/v2\/posts"}],"about":[{"href":"https:\/\/www.caririemacao.com\/1\/wp-json\/wp\/v2\/types\/post"}],"author":[{"embeddable":true,"href":"https:\/\/www.caririemacao.com\/1\/wp-json\/wp\/v2\/users\/1"}],"replies":[{"embeddable":true,"href":"https:\/\/www.caririemacao.com\/1\/wp-json\/wp\/v2\/comments?post=146584"}],"version-history":[{"count":1,"href":"https:\/\/www.caririemacao.com\/1\/wp-json\/wp\/v2\/posts\/146584\/revisions"}],"predecessor-version":[{"id":146586,"href":"https:\/\/www.caririemacao.com\/1\/wp-json\/wp\/v2\/posts\/146584\/revisions\/146586"}],"wp:featuredmedia":[{"embeddable":true,"href":"https:\/\/www.caririemacao.com\/1\/wp-json\/wp\/v2\/media\/145157"}],"wp:attachment":[{"href":"https:\/\/www.caririemacao.com\/1\/wp-json\/wp\/v2\/media?parent=146584"}],"wp:term":[{"taxonomy":"category","embeddable":true,"href":"https:\/\/www.caririemacao.com\/1\/wp-json\/wp\/v2\/categories?post=146584"},{"taxonomy":"post_tag","embeddable":true,"href":"https:\/\/www.caririemacao.com\/1\/wp-json\/wp\/v2\/tags?post=146584"}],"curies":[{"name":"wp","href":"https:\/\/api.w.org\/{rel}","templated":true}]}}