{"id":146589,"date":"2020-01-15T16:37:24","date_gmt":"2020-01-15T19:37:24","guid":{"rendered":"http:\/\/www.caririemacao.com\/1\/?p=146589"},"modified":"2020-01-15T16:37:24","modified_gmt":"2020-01-15T19:37:24","slug":"secretaria-de-agricultura-de-amparo-iniciou-cadastramento-para-o-programa-municipal-de-aracao-de-terras-2020","status":"publish","type":"post","link":"https:\/\/www.caririemacao.com\/1\/2020\/01\/15\/secretaria-de-agricultura-de-amparo-iniciou-cadastramento-para-o-programa-municipal-de-aracao-de-terras-2020\/","title":{"rendered":"Secretaria de Agricultura de Amparo iniciou cadastramento para o Programa Municipal de Ara\u00e7\u00e3o de Terras 2020"},"content":{"rendered":"\n<p>Na manh\u00e3 desta ter\u00e7a-feira (14), funcion\u00e1rios e t\u00e9cnicos da secretaria municipal de agricultura de Amparo estiveram na localidade rural da Mata, realizando o cadastramento para das localidades: Riacho do Cariri, Pelel\u00ea, Mata, Cai\u00e7ara e Ros\u00e1rio &#8211; No PMAT 2020 &#8211; Programa Municipal de Ara\u00e7\u00e3o de Terras.<\/p>\n\n\n\n<p>Durante toda a semana a equipe estar\u00e1 prestando os servi\u00e7os de cadastramento em todas as localidades da \u00e1rea rural do munic\u00edpio. O cadastramento se encerra na pr\u00f3xima segunda-feira (20).<\/p>\n\n\n\n<p>Ascom<\/p>\n","protected":false},"excerpt":{"rendered":"<p>Na manh\u00e3 desta ter\u00e7a-feira (14), funcion\u00e1rios e t\u00e9cnicos da secretaria municipal de agricultura de Amparo estiveram na localidade rural da Mata, realizando o cadastramento para&hellip; <\/p>\n","protected":false},"author":1,"featured_media":146593,"comment_status":"closed","ping_status":"closed","sticky":false,"template":"","format":"standard","meta":{"sfsi_plus_gutenberg_text_before_share":"","sfsi_plus_gutenberg_show_text_before_share":"","sfsi_plus_gutenberg_icon_type":"","sfsi_plus_gutenberg_icon_alignemt":"","sfsi_plus_gutenburg_max_per_row":"","footnotes":""},"categories":[6],"tags":[],"class_list":["post-146589","post","type-post","status-publish","format-standard","has-post-thumbnail","hentry","category-cidades"],"_links":{"self":[{"href":"https:\/\/www.caririemacao.com\/1\/wp-json\/wp\/v2\/posts\/146589","targetHints":{"allow":["GET"]}}],"collection":[{"href":"https:\/\/www.caririemacao.com\/1\/wp-json\/wp\/v2\/posts"}],"about":[{"href":"https:\/\/www.caririemacao.com\/1\/wp-json\/wp\/v2\/types\/post"}],"author":[{"embeddable":true,"href":"https:\/\/www.caririemacao.com\/1\/wp-json\/wp\/v2\/users\/1"}],"replies":[{"embeddable":true,"href":"https:\/\/www.caririemacao.com\/1\/wp-json\/wp\/v2\/comments?post=146589"}],"version-history":[{"count":1,"href":"https:\/\/www.caririemacao.com\/1\/wp-json\/wp\/v2\/posts\/146589\/revisions"}],"predecessor-version":[{"id":146594,"href":"https:\/\/www.caririemacao.com\/1\/wp-json\/wp\/v2\/posts\/146589\/revisions\/146594"}],"wp:featuredmedia":[{"embeddable":true,"href":"https:\/\/www.caririemacao.com\/1\/wp-json\/wp\/v2\/media\/146593"}],"wp:attachment":[{"href":"https:\/\/www.caririemacao.com\/1\/wp-json\/wp\/v2\/media?parent=146589"}],"wp:term":[{"taxonomy":"category","embeddable":true,"href":"https:\/\/www.caririemacao.com\/1\/wp-json\/wp\/v2\/categories?post=146589"},{"taxonomy":"post_tag","embeddable":true,"href":"https:\/\/www.caririemacao.com\/1\/wp-json\/wp\/v2\/tags?post=146589"}],"curies":[{"name":"wp","href":"https:\/\/api.w.org\/{rel}","templated":true}]}}