{"id":146597,"date":"2020-01-15T16:39:30","date_gmt":"2020-01-15T19:39:30","guid":{"rendered":"http:\/\/www.caririemacao.com\/1\/?p=146597"},"modified":"2020-01-15T16:39:30","modified_gmt":"2020-01-15T19:39:30","slug":"14a-dspc-de-monteiro-fica-em-1a-no-estado-obtendo-a-maior-reducao-de-cvlis-e-policiais-serao-premiados","status":"publish","type":"post","link":"https:\/\/www.caririemacao.com\/1\/2020\/01\/15\/14a-dspc-de-monteiro-fica-em-1a-no-estado-obtendo-a-maior-reducao-de-cvlis-e-policiais-serao-premiados\/","title":{"rendered":"14\u00aa DSPC de Monteiro fica em 1\u00aa no Estado obtendo a maior redu\u00e7\u00e3o de CVLIs e Policiais ser\u00e3o premiados"},"content":{"rendered":"\n<p>A 14\u00aa Delegacia Seccional de Pol\u00edcia Civil de Monteiro ficou com o primeiro lugar em todo o Estado obtendo a maior redu\u00e7\u00e3o percentual de crimes violentos letais intencionais (CVLIs), em 2019.<\/p>\n\n\n\n<p>De janeiro a dezembro de 2019, foram realizadas mais de 100 (cem) pris\u00f5es, pela Pol\u00edcia Civil, na \u00e1rea da 14\u00aa DSPC (que compreende 17 munic\u00edpios, no Cariri Paraibano), incluindo-se Pris\u00f5es em Flagrante\/Apreens\u00f5es de menor infrator, e Pris\u00f5es decorrentes de cumprimento de Mandado de Pris\u00e3o.<\/p>\n\n\n\n<p>De acordo com o delegado seccional, Dr. Cristiano Santana, foram, tamb\u00e9m, cumpridos 98 (noventa e oito) mandados, dentre Mandados de Pris\u00e3o Tempor\u00e1ria\/Preventiva e de Busca e Apreens\u00e3o.<\/p>\n\n\n\n<p>No tocante \u00e0s Opera\u00e7\u00f5es deflagradas ao longo de 2019, destaque para a OPERA\u00c7\u00c3O CONEX\u00c3O (cumpridos 40 mandados), decorrente de investiga\u00e7\u00f5es de crimes de Tr\u00e1fico de Drogas\/Crimes Patrimoniais\/Homic\u00eddios na regi\u00e3o do Cariri e Sert\u00e3o do Estado.<\/p>\n\n\n\n<p>\u201cTudo isso repercutiu, diretamente, na redu\u00e7\u00e3o de 64 % (sessenta e quarto porcento) na incid\u00eancia de CVLIs, baixando de 39 (trinta e nove \u2013 2018) para 14 (quatorze \u2013 2019). O que representa, a maior redu\u00e7\u00e3o percentual do Estado, e \u00e9 resultado de um trabalho integrado com as outras forcas de seguran\u00e7a p\u00fablica, a saber, a Pol\u00edcia Militar (11\u00ba BPM) e o Corpo de Bombeiros. Destacando ainda, o apoio e parceria fundamentais do Minist\u00e9rio P\u00fablico e do Judici\u00e1rio locais\u201d, afirmou o delegado Cristiano Santana.<\/p>\n\n\n\n<p>A Seccional de Monteiro tamb\u00e9m obteve a maior redu\u00e7\u00e3o de CVLIs do semestre (julho a dezembro \u2013 75% \u2013 setenta e cinco porcento).<\/p>\n\n\n\n<p>Os Policiais da 14\u00aa DSPC ser\u00e3o premiados pelo Programa Paraiba Unida Pela Paz, que premia os destaques na seguran\u00e7a p\u00fablica.<\/p>\n","protected":false},"excerpt":{"rendered":"<p>A 14\u00aa Delegacia Seccional de Pol\u00edcia Civil de Monteiro ficou com o primeiro lugar em todo o Estado obtendo a maior redu\u00e7\u00e3o percentual de crimes&hellip; <\/p>\n","protected":false},"author":1,"featured_media":101675,"comment_status":"closed","ping_status":"closed","sticky":false,"template":"","format":"standard","meta":{"sfsi_plus_gutenberg_text_before_share":"","sfsi_plus_gutenberg_show_text_before_share":"","sfsi_plus_gutenberg_icon_type":"","sfsi_plus_gutenberg_icon_alignemt":"","sfsi_plus_gutenburg_max_per_row":"","footnotes":""},"categories":[2],"tags":[],"class_list":["post-146597","post","type-post","status-publish","format-standard","has-post-thumbnail","hentry","category-geral"],"_links":{"self":[{"href":"https:\/\/www.caririemacao.com\/1\/wp-json\/wp\/v2\/posts\/146597","targetHints":{"allow":["GET"]}}],"collection":[{"href":"https:\/\/www.caririemacao.com\/1\/wp-json\/wp\/v2\/posts"}],"about":[{"href":"https:\/\/www.caririemacao.com\/1\/wp-json\/wp\/v2\/types\/post"}],"author":[{"embeddable":true,"href":"https:\/\/www.caririemacao.com\/1\/wp-json\/wp\/v2\/users\/1"}],"replies":[{"embeddable":true,"href":"https:\/\/www.caririemacao.com\/1\/wp-json\/wp\/v2\/comments?post=146597"}],"version-history":[{"count":1,"href":"https:\/\/www.caririemacao.com\/1\/wp-json\/wp\/v2\/posts\/146597\/revisions"}],"predecessor-version":[{"id":146601,"href":"https:\/\/www.caririemacao.com\/1\/wp-json\/wp\/v2\/posts\/146597\/revisions\/146601"}],"wp:featuredmedia":[{"embeddable":true,"href":"https:\/\/www.caririemacao.com\/1\/wp-json\/wp\/v2\/media\/101675"}],"wp:attachment":[{"href":"https:\/\/www.caririemacao.com\/1\/wp-json\/wp\/v2\/media?parent=146597"}],"wp:term":[{"taxonomy":"category","embeddable":true,"href":"https:\/\/www.caririemacao.com\/1\/wp-json\/wp\/v2\/categories?post=146597"},{"taxonomy":"post_tag","embeddable":true,"href":"https:\/\/www.caririemacao.com\/1\/wp-json\/wp\/v2\/tags?post=146597"}],"curies":[{"name":"wp","href":"https:\/\/api.w.org\/{rel}","templated":true}]}}