{"id":146604,"date":"2020-01-15T16:40:49","date_gmt":"2020-01-15T19:40:49","guid":{"rendered":"http:\/\/www.caririemacao.com\/1\/?p=146604"},"modified":"2020-01-15T16:40:49","modified_gmt":"2020-01-15T19:40:49","slug":"mais-agua-boqueirao-ganha-17-milhoes-de-m%c2%b3-de-agua-em-seis-dias","status":"publish","type":"post","link":"https:\/\/www.caririemacao.com\/1\/2020\/01\/15\/mais-agua-boqueirao-ganha-17-milhoes-de-m%c2%b3-de-agua-em-seis-dias\/","title":{"rendered":"MAIS \u00c1GUA: Boqueir\u00e3o ganha 17 milh\u00f5es de m\u00b3 de \u00e1gua em seis dias"},"content":{"rendered":"\n<p>O reservat\u00f3rio Epit\u00e1cio Pessoa, localizado na cidade de Boqueir\u00e3o, no Carri da Para\u00edba, ganhou 17 milh\u00f5es de metros c\u00fabicos de \u00e1gua (m\u00b3) entre os dias 8 e 14 de janeiro de 2020, conforme dados da Ag\u00eancia Executiva de Gest\u00e3o das \u00c1guas (Aesa). O a\u00e7ude abastece Campina Grande e cidades da regi\u00e3o.<\/p>\n\n\n\n<p>No dia 8, o reservat\u00f3rio estava com 14,72% do volume total, o equivalente a 70 milh\u00f5es de metros c\u00fabicos. Ap\u00f3s as chuvas nas regi\u00f5es do Cariri e Sert\u00e3o do estado, at\u00e9 essa ter\u00e7a-feira (14), o a\u00e7ude chegou a 18,85% do volume total, com 87 milh\u00f5es de metros c\u00fabicos e uma alta de 4,13 pontos percentuais.<\/p>\n\n\n\n<p>De acordo com o presidente da Aesa, Porf\u00edrio Loureiro, apesar dos n\u00fameros surpreenderem, a alta do a\u00e7ude n\u00e3o foi hist\u00f3rica. Os registros est\u00e3o dentro das perspectivas de chuva esperadas para esta \u00e9poca do ano. \u201cEm 2004, o a\u00e7ude sangrou em 18 dias. Os registros que tivemos neste ano foram considerados normais. O per\u00edodo chuvoso se estende at\u00e9 maio e a partir desta quinta-feira (16), a previs\u00e3o \u00e9 de mais chuva para o Cariri, Sert\u00e3o e Alto Sert\u00e3o\u201d, explicou o presidente.<\/p>\n\n\n\n<p>RIO S\u00c3O FRANCISCO E BOQUEIR\u00c3O<\/p>\n\n\n\n<p>Ainda de acordo com o presidente da Aesa, as \u00e1guas da Transposi\u00e7\u00e3o do Rio S\u00e3o Francisco est\u00e3o sendo bombeadas normalmente pelo eixo leste, saindo da cidade de Monteiro (PB) e percorrendo dois metros por segundo at\u00e9 alcan\u00e7ar o A\u00e7ude Epit\u00e1cio Pessoa, em Boqueir\u00e3o. No \u00faltimo dia 6 de janeiro, foi liberada uma quantidade de \u00e1gua maior da Transposi\u00e7\u00e3o, saindo do a\u00e7ude de Camala\u00fa para Boqueir\u00e3o.<\/p>\n\n\n\n<p>Entretanto, nem sempre o bombeamento esteve funcionando. Em 2019, dois anos ap\u00f3s a inaugura\u00e7\u00e3o da Transposi\u00e7\u00e3o, o fluxo pelo eixo leste passou por alguns problemas. Em fevereiro, o bombeamento para Boqueir\u00e3o foi suspenso duas vezes. Em mar\u00e7o, o Minist\u00e9rio P\u00fablico Federal (MPF) do munic\u00edpio de Monteiro buscou solucionar o problema de 61 fam\u00edlias deslocadas de suas \u00e1reas de cultivo que n\u00e3o conseguiam produzir em raz\u00e3o da falta d\u2019\u00e1gua. A solu\u00e7\u00e3o foi usar \u00e1gua da Cagepa apenas para consumo humano.<\/p>\n\n\n\n<p>Em julho, o MPF constatou falhas na obra entre as cidades de Monteiro (PB) e Sert\u00e2nia (PE), por causa de trabalhos mal feitos. Em agosto, um v\u00eddeo compartilhado pela internet denunciava um suposto vazamento de esgoto para um canal pluvial que corta a cidade de Monteiro e alcan\u00e7a o eixo da transposi\u00e7\u00e3o. O problema foi confirmado por autoridades locais, que ressaltaram que a situa\u00e7\u00e3o foi contornada. S\u00f3 no m\u00eas de novembro de 2019 que a \u00e1gua voltou a ser bombeada e seguiu o percurso do eixo leste at\u00e9 Boqueir\u00e3o.<\/p>\n\n\n\n<p>J\u00e1 o eixo norte, que dever\u00e1 levar \u00e1gua para o Sert\u00e3o da Para\u00edba, ainda n\u00e3o foi conclu\u00eddo e segue em obras. O trecho tem 260 km e est\u00e1 97% finalizado. Al\u00e9m da Para\u00edba, essa parte da obra vai levar \u00e1gua para os estados de Pernambuco, Cear\u00e1 e Rio Grande do Norte.<\/p>\n\n\n\n<p>Portal Correio<\/p>\n","protected":false},"excerpt":{"rendered":"<p>O reservat\u00f3rio Epit\u00e1cio Pessoa, localizado na cidade de Boqueir\u00e3o, no Carri da Para\u00edba, ganhou 17 milh\u00f5es de metros c\u00fabicos de \u00e1gua (m\u00b3) entre os dias&hellip; <\/p>\n","protected":false},"author":1,"featured_media":146608,"comment_status":"closed","ping_status":"closed","sticky":false,"template":"","format":"standard","meta":{"sfsi_plus_gutenberg_text_before_share":"","sfsi_plus_gutenberg_show_text_before_share":"","sfsi_plus_gutenberg_icon_type":"","sfsi_plus_gutenberg_icon_alignemt":"","sfsi_plus_gutenburg_max_per_row":"","footnotes":""},"categories":[6],"tags":[],"class_list":["post-146604","post","type-post","status-publish","format-standard","has-post-thumbnail","hentry","category-cidades"],"_links":{"self":[{"href":"https:\/\/www.caririemacao.com\/1\/wp-json\/wp\/v2\/posts\/146604","targetHints":{"allow":["GET"]}}],"collection":[{"href":"https:\/\/www.caririemacao.com\/1\/wp-json\/wp\/v2\/posts"}],"about":[{"href":"https:\/\/www.caririemacao.com\/1\/wp-json\/wp\/v2\/types\/post"}],"author":[{"embeddable":true,"href":"https:\/\/www.caririemacao.com\/1\/wp-json\/wp\/v2\/users\/1"}],"replies":[{"embeddable":true,"href":"https:\/\/www.caririemacao.com\/1\/wp-json\/wp\/v2\/comments?post=146604"}],"version-history":[{"count":1,"href":"https:\/\/www.caririemacao.com\/1\/wp-json\/wp\/v2\/posts\/146604\/revisions"}],"predecessor-version":[{"id":146609,"href":"https:\/\/www.caririemacao.com\/1\/wp-json\/wp\/v2\/posts\/146604\/revisions\/146609"}],"wp:featuredmedia":[{"embeddable":true,"href":"https:\/\/www.caririemacao.com\/1\/wp-json\/wp\/v2\/media\/146608"}],"wp:attachment":[{"href":"https:\/\/www.caririemacao.com\/1\/wp-json\/wp\/v2\/media?parent=146604"}],"wp:term":[{"taxonomy":"category","embeddable":true,"href":"https:\/\/www.caririemacao.com\/1\/wp-json\/wp\/v2\/categories?post=146604"},{"taxonomy":"post_tag","embeddable":true,"href":"https:\/\/www.caririemacao.com\/1\/wp-json\/wp\/v2\/tags?post=146604"}],"curies":[{"name":"wp","href":"https:\/\/api.w.org\/{rel}","templated":true}]}}