{"id":146612,"date":"2020-01-15T16:42:23","date_gmt":"2020-01-15T19:42:23","guid":{"rendered":"http:\/\/www.caririemacao.com\/1\/?p=146612"},"modified":"2020-01-15T16:42:23","modified_gmt":"2020-01-15T19:42:23","slug":"especialista-fala-sobre-doencas-geneticas-de-filhos-entre-primos-de-primeiro-grau","status":"publish","type":"post","link":"https:\/\/www.caririemacao.com\/1\/2020\/01\/15\/especialista-fala-sobre-doencas-geneticas-de-filhos-entre-primos-de-primeiro-grau\/","title":{"rendered":"Especialista fala sobre doen\u00e7as gen\u00e9ticas de filhos entre primos de primeiro grau"},"content":{"rendered":"\n<p>O Nacional Jovem desta segunda-feira (13) traz \u00e0 tona um tema que j\u00e1 foi bastante comum nas fam\u00edlias: o casamento entre parentes. Muitas pessoas j\u00e1 devem ter passado por algum namorico com primo ou prima ou conhecem algu\u00e9m que j\u00e1 viveu uma situa\u00e7\u00e3o bem parecida com essa. Mas quais os riscos gen\u00e9ticos para os filhos? Sobre esse assunto, Edil\u00e9ia Martins conversou com a geneticista Carolina Fischinger.<\/p>\n\n\n\n<p><br> Segundo ela, &#8220;o casamento entre primos n\u00e3o \u00e9 uma situa\u00e7\u00e3o nova e nem \u00e9 uma situa\u00e7\u00e3o rara. No Brasil, estima-se que 2% a 3% dos casais tenha algum tipo de parentesco. Geralmente entre primos de 1\u00ba e 2\u00ba grau. \u00c9 importante que a gente possa expressar isso porque n\u00e3o h\u00e1 nenhuma proibi\u00e7\u00e3o e nada que seja errado. Apenas o casal deve saber que h\u00e1 uma chance maior de algumas condi\u00e7\u00f5es gen\u00e9ticas que devem ser avaliadas&#8221;.<\/p>\n\n\n\n<p><br>Geralmente casais primos, antes de terem filhos, recomenda-se que se consultem com um m\u00e9dico geneticista para fazer o aconselhamento gen\u00e9tico. Para este casal, o risco de m\u00e1-forma\u00e7\u00e3o ou algum tipo de defici\u00eancia chega a 6%. Caso n\u00e3o tenha nenhum hist\u00f3rico de doen\u00e7as gen\u00e9ticas na fam\u00edlia.<\/p>\n","protected":false},"excerpt":{"rendered":"<p>O Nacional Jovem desta segunda-feira (13) traz \u00e0 tona um tema que j\u00e1 foi bastante comum nas fam\u00edlias: o casamento entre parentes. Muitas pessoas j\u00e1&hellip; <\/p>\n","protected":false},"author":1,"featured_media":146614,"comment_status":"closed","ping_status":"closed","sticky":false,"template":"","format":"standard","meta":{"sfsi_plus_gutenberg_text_before_share":"","sfsi_plus_gutenberg_show_text_before_share":"","sfsi_plus_gutenberg_icon_type":"","sfsi_plus_gutenberg_icon_alignemt":"","sfsi_plus_gutenburg_max_per_row":"","footnotes":""},"categories":[2],"tags":[],"class_list":["post-146612","post","type-post","status-publish","format-standard","has-post-thumbnail","hentry","category-geral"],"_links":{"self":[{"href":"https:\/\/www.caririemacao.com\/1\/wp-json\/wp\/v2\/posts\/146612","targetHints":{"allow":["GET"]}}],"collection":[{"href":"https:\/\/www.caririemacao.com\/1\/wp-json\/wp\/v2\/posts"}],"about":[{"href":"https:\/\/www.caririemacao.com\/1\/wp-json\/wp\/v2\/types\/post"}],"author":[{"embeddable":true,"href":"https:\/\/www.caririemacao.com\/1\/wp-json\/wp\/v2\/users\/1"}],"replies":[{"embeddable":true,"href":"https:\/\/www.caririemacao.com\/1\/wp-json\/wp\/v2\/comments?post=146612"}],"version-history":[{"count":1,"href":"https:\/\/www.caririemacao.com\/1\/wp-json\/wp\/v2\/posts\/146612\/revisions"}],"predecessor-version":[{"id":146615,"href":"https:\/\/www.caririemacao.com\/1\/wp-json\/wp\/v2\/posts\/146612\/revisions\/146615"}],"wp:featuredmedia":[{"embeddable":true,"href":"https:\/\/www.caririemacao.com\/1\/wp-json\/wp\/v2\/media\/146614"}],"wp:attachment":[{"href":"https:\/\/www.caririemacao.com\/1\/wp-json\/wp\/v2\/media?parent=146612"}],"wp:term":[{"taxonomy":"category","embeddable":true,"href":"https:\/\/www.caririemacao.com\/1\/wp-json\/wp\/v2\/categories?post=146612"},{"taxonomy":"post_tag","embeddable":true,"href":"https:\/\/www.caririemacao.com\/1\/wp-json\/wp\/v2\/tags?post=146612"}],"curies":[{"name":"wp","href":"https:\/\/api.w.org\/{rel}","templated":true}]}}