{"id":146627,"date":"2020-01-15T16:48:08","date_gmt":"2020-01-15T19:48:08","guid":{"rendered":"http:\/\/www.caririemacao.com\/1\/?p=146627"},"modified":"2020-01-15T16:48:08","modified_gmt":"2020-01-15T19:48:08","slug":"psl-planeja-eleger-centenas-de-prefeitos-no-pleito-deste-ano","status":"publish","type":"post","link":"https:\/\/www.caririemacao.com\/1\/2020\/01\/15\/psl-planeja-eleger-centenas-de-prefeitos-no-pleito-deste-ano\/","title":{"rendered":"PSL planeja eleger centenas de prefeitos no pleito deste ano"},"content":{"rendered":"\n<p>Sem o presidente Jair Bolsonaro como principal cabo eleitoral, mas com a estimativa de ter cerca de R$ 203 milh\u00f5es em caixa para a disputa municipal, o PSL come\u00e7ou a tra\u00e7ar sua estrat\u00e9gia para tentar conquistar ao menos 500 prefeituras em todo o Brasil.<\/p>\n\n\n\n<p>O partido, entretanto, afirma que desde novembro recebeu 14.817 novos pedidos de filia\u00e7\u00e3o \u2013 dados que, diz a sigla, ainda n\u00e3o foram computados pela Justi\u00e7a Eleitoral.<\/p>\n\n\n\n<p>As desfilia\u00e7\u00f5es j\u00e1 oficializadas pelo TSE se intensificaram em meio ao racha no PSL.<\/p>\n\n\n\n<p>No in\u00edcio de outubro de 2019, Bolsonaro disse a apoiador que o deputado Luciano Bivar (PE), presidente do PSL, estava \u201cqueimado pra caramba\u201d.<\/p>\n\n\n\n<p>A declara\u00e7\u00e3o do presidente foi o estopim para a crise que vinha se alastrando na esteira das den\u00fancias sobre o esquema de candidaturas laranjas nas elei\u00e7\u00f5es de 2018, revelado pela Folha de S.Paulo.<\/p>\n\n\n\n<p>\u00c0 espera da chancela do presidente ao fundo eleitoral de R$ 2,034 bilh\u00f5es, a atual dire\u00e7\u00e3o do PSL montou uma esp\u00e9cie de for\u00e7a-tarefa para \u201ccolocar o partido em ordem\u201d no pa\u00eds.<\/p>\n\n\n\n<p>H\u00e1 a avalia\u00e7\u00e3o de que, como o PSL ter\u00e1 a maior fatia dos recursos destinados \u00e0 corrida eleitoral deste ano, a administra\u00e7\u00e3o do montante ter\u00e1 de ser mais rigorosa. Inevitavelmente, admitem integrantes da sigla, os passos do partido ser\u00e3o acompanhados com lupa.<\/p>\n\n\n\n<p>Uma reuni\u00e3o da executiva nacional foi marcada para o dia 3 de fevereiro. A ideia \u00e9 que do encontro saia um diagn\u00f3stico da situa\u00e7\u00e3o cont\u00e1bil e jur\u00eddica de diret\u00f3rios municipais do PSL.<\/p>\n\n\n\n<p>O principal objetivo, segundo a c\u00fapula da legenda, \u00e9 trabalhar para regularizar aqueles que n\u00e3o estejam em dia com a Justi\u00e7a Eleitoral.<\/p>\n\n\n\n<p>Nessa data, a c\u00fapula do partido tamb\u00e9m pretende apresentar o calend\u00e1rio do \u201cPSL itinerante\u201d.<\/p>\n\n\n\n<p>Segundo os dirigentes, uma das propostas \u00e9 a realiza\u00e7\u00e3o de palestras tem\u00e1ticas aos filiados que pretendem disputar uma cadeira de prefeito.<\/p>\n\n\n\n<p>A sigla est\u00e1 selecionando especialistas para debates sobre viol\u00eancia dom\u00e9stica, seguran\u00e7a p\u00fablica, combate \u00e0 corrup\u00e7\u00e3o, educa\u00e7\u00e3o, sa\u00fade, desenvolvimento urbano e combate \u00e0 fome.<\/p>\n\n\n\n<p>\u201cO partido tem quadros importantes em todo o pa\u00eds e tem um verdadeiro projeto de mudan\u00e7a para o Brasil. Estamos focados na expans\u00e3o do liberalismo econ\u00f4mico para a constru\u00e7\u00e3o de uma economia forte, no retorno dos investidores, em pol\u00edticas p\u00fablicas efetivas para sa\u00fade, infraestrutura e educa\u00e7\u00e3o, al\u00e9m do combate irrestrito \u00e0 corrup\u00e7\u00e3o e ao crime organizado\u201d, diz Bozzella.<\/p>\n\n\n\n<p>Folhapress<\/p>\n","protected":false},"excerpt":{"rendered":"<p>Sem o presidente Jair Bolsonaro como principal cabo eleitoral, mas com a estimativa de ter cerca de R$ 203 milh\u00f5es em caixa para a disputa&hellip; <\/p>\n","protected":false},"author":1,"featured_media":127897,"comment_status":"closed","ping_status":"closed","sticky":false,"template":"","format":"standard","meta":{"sfsi_plus_gutenberg_text_before_share":"","sfsi_plus_gutenberg_show_text_before_share":"","sfsi_plus_gutenberg_icon_type":"","sfsi_plus_gutenberg_icon_alignemt":"","sfsi_plus_gutenburg_max_per_row":"","footnotes":""},"categories":[11],"tags":[],"class_list":["post-146627","post","type-post","status-publish","format-standard","has-post-thumbnail","hentry","category-politica"],"_links":{"self":[{"href":"https:\/\/www.caririemacao.com\/1\/wp-json\/wp\/v2\/posts\/146627","targetHints":{"allow":["GET"]}}],"collection":[{"href":"https:\/\/www.caririemacao.com\/1\/wp-json\/wp\/v2\/posts"}],"about":[{"href":"https:\/\/www.caririemacao.com\/1\/wp-json\/wp\/v2\/types\/post"}],"author":[{"embeddable":true,"href":"https:\/\/www.caririemacao.com\/1\/wp-json\/wp\/v2\/users\/1"}],"replies":[{"embeddable":true,"href":"https:\/\/www.caririemacao.com\/1\/wp-json\/wp\/v2\/comments?post=146627"}],"version-history":[{"count":1,"href":"https:\/\/www.caririemacao.com\/1\/wp-json\/wp\/v2\/posts\/146627\/revisions"}],"predecessor-version":[{"id":146631,"href":"https:\/\/www.caririemacao.com\/1\/wp-json\/wp\/v2\/posts\/146627\/revisions\/146631"}],"wp:featuredmedia":[{"embeddable":true,"href":"https:\/\/www.caririemacao.com\/1\/wp-json\/wp\/v2\/media\/127897"}],"wp:attachment":[{"href":"https:\/\/www.caririemacao.com\/1\/wp-json\/wp\/v2\/media?parent=146627"}],"wp:term":[{"taxonomy":"category","embeddable":true,"href":"https:\/\/www.caririemacao.com\/1\/wp-json\/wp\/v2\/categories?post=146627"},{"taxonomy":"post_tag","embeddable":true,"href":"https:\/\/www.caririemacao.com\/1\/wp-json\/wp\/v2\/tags?post=146627"}],"curies":[{"name":"wp","href":"https:\/\/api.w.org\/{rel}","templated":true}]}}