{"id":146634,"date":"2020-01-15T16:49:33","date_gmt":"2020-01-15T19:49:33","guid":{"rendered":"http:\/\/www.caririemacao.com\/1\/?p=146634"},"modified":"2020-01-15T16:49:33","modified_gmt":"2020-01-15T19:49:33","slug":"prefeitos-solicitam-ao-der-a-reconstrucao-do-pontilhao-sobre-o-rio-paraiba-entre-cabaceiras-e-barra-de-sao-miguel","status":"publish","type":"post","link":"https:\/\/www.caririemacao.com\/1\/2020\/01\/15\/prefeitos-solicitam-ao-der-a-reconstrucao-do-pontilhao-sobre-o-rio-paraiba-entre-cabaceiras-e-barra-de-sao-miguel\/","title":{"rendered":"Prefeitos solicitam ao DER a reconstru\u00e7\u00e3o do pontilh\u00e3o sobre o Rio Para\u00edba entre Cabaceiras e Barra de S\u00e3o Miguel"},"content":{"rendered":"\n<p>Os prefeitos de Cabaceiras, Tiago Castro e Jo\u00e3o Bastista de Barra de S\u00e3o Miguel  solicitaram ao Departamento de Obras e Rodagens da Para\u00edba (DER) a reconstru\u00e7\u00e3o do  pontilh\u00e3o sobre o Rio Para\u00edba, na divisa dos munic\u00edpios de Cabaceiras e Barra de S\u00e3o Miguel, que foi danificado pelas \u00e1guas da cheia do Rio Para\u00edba.<\/p>\n\n\n\n<p>A obra foi constru\u00edda no final de 2018 e na primeira cheia de 2019 a estrutura do pontilh\u00e3o ficou comprometida.<\/p>\n\n\n\n<p>Tiago e Jo\u00e3o Batista foram at\u00e9 o DER em Jo\u00e3o Pessoa e cobraram uma posi\u00e7\u00e3o do departamento a fim de resolver a situa\u00e7\u00e3o, prevendo outras grandes enchentes do rio.<\/p>\n\n\n\n<p>Na ocasi\u00e3o, o DER fez as cabe\u00e7as do pontilh\u00e3o, e na primeira enchente de 2020, na quinta-feira (9), a ponte ficou sem acesso e arriscando cair de vez.<\/p>\n\n\n\n<p>Nossa reportagem conversou com os gestores que apelaram para o DER fazer um servi\u00e7o de qualidade, tendo em vista que o Rio Para\u00edba recebe as \u00e1guas da Transposi\u00e7\u00e3o do Rio S\u00e3o Francisco e a comunidade est\u00e1 sem acesso.<\/p>\n\n\n\n<p>Blog do Bruno Lira<\/p>\n","protected":false},"excerpt":{"rendered":"<p>Os prefeitos de Cabaceiras, Tiago Castro e Jo\u00e3o Bastista de Barra de S\u00e3o Miguel solicitaram ao Departamento de Obras e Rodagens da Para\u00edba (DER) a&hellip; <\/p>\n","protected":false},"author":1,"featured_media":146639,"comment_status":"closed","ping_status":"closed","sticky":false,"template":"","format":"standard","meta":{"sfsi_plus_gutenberg_text_before_share":"","sfsi_plus_gutenberg_show_text_before_share":"","sfsi_plus_gutenberg_icon_type":"","sfsi_plus_gutenberg_icon_alignemt":"","sfsi_plus_gutenburg_max_per_row":"","footnotes":""},"categories":[6],"tags":[],"class_list":["post-146634","post","type-post","status-publish","format-standard","has-post-thumbnail","hentry","category-cidades"],"_links":{"self":[{"href":"https:\/\/www.caririemacao.com\/1\/wp-json\/wp\/v2\/posts\/146634","targetHints":{"allow":["GET"]}}],"collection":[{"href":"https:\/\/www.caririemacao.com\/1\/wp-json\/wp\/v2\/posts"}],"about":[{"href":"https:\/\/www.caririemacao.com\/1\/wp-json\/wp\/v2\/types\/post"}],"author":[{"embeddable":true,"href":"https:\/\/www.caririemacao.com\/1\/wp-json\/wp\/v2\/users\/1"}],"replies":[{"embeddable":true,"href":"https:\/\/www.caririemacao.com\/1\/wp-json\/wp\/v2\/comments?post=146634"}],"version-history":[{"count":1,"href":"https:\/\/www.caririemacao.com\/1\/wp-json\/wp\/v2\/posts\/146634\/revisions"}],"predecessor-version":[{"id":146640,"href":"https:\/\/www.caririemacao.com\/1\/wp-json\/wp\/v2\/posts\/146634\/revisions\/146640"}],"wp:featuredmedia":[{"embeddable":true,"href":"https:\/\/www.caririemacao.com\/1\/wp-json\/wp\/v2\/media\/146639"}],"wp:attachment":[{"href":"https:\/\/www.caririemacao.com\/1\/wp-json\/wp\/v2\/media?parent=146634"}],"wp:term":[{"taxonomy":"category","embeddable":true,"href":"https:\/\/www.caririemacao.com\/1\/wp-json\/wp\/v2\/categories?post=146634"},{"taxonomy":"post_tag","embeddable":true,"href":"https:\/\/www.caririemacao.com\/1\/wp-json\/wp\/v2\/tags?post=146634"}],"curies":[{"name":"wp","href":"https:\/\/api.w.org\/{rel}","templated":true}]}}