{"id":146664,"date":"2020-01-16T06:49:54","date_gmt":"2020-01-16T09:49:54","guid":{"rendered":"http:\/\/www.caririemacao.com\/1\/?p=146664"},"modified":"2020-01-16T06:49:54","modified_gmt":"2020-01-16T09:49:54","slug":"inicio-do-campeonato-paraibano-de-futebol-pode-ser-adiado","status":"publish","type":"post","link":"https:\/\/www.caririemacao.com\/1\/2020\/01\/16\/inicio-do-campeonato-paraibano-de-futebol-pode-ser-adiado\/","title":{"rendered":"In\u00edcio do Campeonato Paraibano de Futebol pode ser adiado"},"content":{"rendered":"\n<p>Com previs\u00e3o para come\u00e7ar neste final de semana, o Campeonato Paraibano de Futebol pode ser adiado.<\/p>\n\n\n\n<p>O problema acontece porque dois pareceres t\u00e9cnicos, do total de quatro laudos necess\u00e1rios para a libera\u00e7\u00e3o dos est\u00e1dios de futebol, reprovaram o in\u00edcio das partidas devido a problemas relacionados \u00e0 preven\u00e7\u00e3o e combate de inc\u00eandio e p\u00e2nico, bem como encontraram irregularidades nas condi\u00e7\u00f5es de higiene e vigil\u00e2ncia sanit\u00e1ria.<\/p>\n\n\n\n<p>Se o problema n\u00e3o for solucionado a tempo, a Federa\u00e7\u00e3o Paraibana de Futebol estuda o adiamento dos jogos.<\/p>\n\n\n\n<p>* Com informa\u00e7\u00f5es da TV Cabo Branco<\/p>\n","protected":false},"excerpt":{"rendered":"<p>Com previs\u00e3o para come\u00e7ar neste final de semana, o Campeonato Paraibano de Futebol pode ser adiado. O problema acontece porque dois pareceres t\u00e9cnicos, do total&hellip; <\/p>\n","protected":false},"author":1,"featured_media":146666,"comment_status":"closed","ping_status":"closed","sticky":false,"template":"","format":"standard","meta":{"sfsi_plus_gutenberg_text_before_share":"","sfsi_plus_gutenberg_show_text_before_share":"","sfsi_plus_gutenberg_icon_type":"","sfsi_plus_gutenberg_icon_alignemt":"","sfsi_plus_gutenburg_max_per_row":"","footnotes":""},"categories":[13],"tags":[],"class_list":["post-146664","post","type-post","status-publish","format-standard","has-post-thumbnail","hentry","category-esportes"],"_links":{"self":[{"href":"https:\/\/www.caririemacao.com\/1\/wp-json\/wp\/v2\/posts\/146664","targetHints":{"allow":["GET"]}}],"collection":[{"href":"https:\/\/www.caririemacao.com\/1\/wp-json\/wp\/v2\/posts"}],"about":[{"href":"https:\/\/www.caririemacao.com\/1\/wp-json\/wp\/v2\/types\/post"}],"author":[{"embeddable":true,"href":"https:\/\/www.caririemacao.com\/1\/wp-json\/wp\/v2\/users\/1"}],"replies":[{"embeddable":true,"href":"https:\/\/www.caririemacao.com\/1\/wp-json\/wp\/v2\/comments?post=146664"}],"version-history":[{"count":1,"href":"https:\/\/www.caririemacao.com\/1\/wp-json\/wp\/v2\/posts\/146664\/revisions"}],"predecessor-version":[{"id":146667,"href":"https:\/\/www.caririemacao.com\/1\/wp-json\/wp\/v2\/posts\/146664\/revisions\/146667"}],"wp:featuredmedia":[{"embeddable":true,"href":"https:\/\/www.caririemacao.com\/1\/wp-json\/wp\/v2\/media\/146666"}],"wp:attachment":[{"href":"https:\/\/www.caririemacao.com\/1\/wp-json\/wp\/v2\/media?parent=146664"}],"wp:term":[{"taxonomy":"category","embeddable":true,"href":"https:\/\/www.caririemacao.com\/1\/wp-json\/wp\/v2\/categories?post=146664"},{"taxonomy":"post_tag","embeddable":true,"href":"https:\/\/www.caririemacao.com\/1\/wp-json\/wp\/v2\/tags?post=146664"}],"curies":[{"name":"wp","href":"https:\/\/api.w.org\/{rel}","templated":true}]}}