{"id":146960,"date":"2020-01-17T07:39:23","date_gmt":"2020-01-17T10:39:23","guid":{"rendered":"http:\/\/www.caririemacao.com\/1\/?p=146960"},"modified":"2020-01-17T07:39:23","modified_gmt":"2020-01-17T10:39:23","slug":"ufpb-inscreve-para-mais-de-200-vagas-em-curso-para-educacao-de-jovens-e-adultos","status":"publish","type":"post","link":"https:\/\/www.caririemacao.com\/1\/2020\/01\/17\/ufpb-inscreve-para-mais-de-200-vagas-em-curso-para-educacao-de-jovens-e-adultos\/","title":{"rendered":"UFPB inscreve para mais de 200 vagas em curso para Educa\u00e7\u00e3o de Jovens e Adultos"},"content":{"rendered":"\n<p>Est\u00e3o sendo oferecidas mais de 200 vagas&nbsp;em curso&nbsp; do ensino m\u00e9dio para Educa\u00e7\u00e3o de Jovens e Adultos (EJA) na&nbsp;Universidade Federal da Para\u00edba (UFPB). Ao todo, ser\u00e3o 11 turmas&nbsp;no Centro de Educa\u00e7\u00e3o (CE), das 13h \u00e0s 17h, e dez no Centro de Tecnologia (CT), no hor\u00e1rio de 19h a 22h. As aulas est\u00e3o previstas para come\u00e7ar no dia 10 de fevereiro e duram dois anos.<\/p>\n\n\n\n<p>Os interessados podem se inscrever, at\u00e9 o dia 27 deste m\u00eas, no N\u00facleo de EJA do CE da UFPB, entre 8h e 16h. \u00c9&nbsp; necess\u00e1rio levar hist\u00f3rico escolar original entregue no ato da matr\u00edcula (para novatos) ou no prazo de 30 dias, sendo precedido de uma Declara\u00e7\u00e3o Escolar; uma foto \u00be recente; c\u00f3pias do RG, CPF, certid\u00e3o de nascimento ou casamento, comprovante de resid\u00eancia; e, se funcion\u00e1rio da UFPB ou dependente, deve apresentar o contracheque. A idade m\u00ednima exigida para fazer o curso \u00e9 de 18 anos.<\/p>\n\n\n\n<p>De acordo com a coordenadora do N\u00facleo EJA do CE, professora Maria de F\u00e1tima Santos de Oliveira, a iniciativa acontece na UFPB h\u00e1 quase 27 anos e come\u00e7ou como um conv\u00eanio com a Secretaria de Educa\u00e7\u00e3o da Para\u00edba para a forma\u00e7\u00e3o de t\u00e9cnicos-administrativos da universidade que n\u00e3o possu\u00edam ensino m\u00e9dio.<\/p>\n\n\n\n<p>\u201cNa \u00e9poca, em 1993, era voltada para servidores. Hoje, ampliamos para diversos p\u00fablicos e j\u00e1 formamos v\u00e1rias turmas ao longo dos anos. H\u00e1 alunos que se formaram conosco e voltaram para dar aulas. Tamb\u00e9m damos incentivo para a forma\u00e7\u00e3o nos cursos de licenciatura, com estudantes fazendo a pr\u00e1tica no N\u00facleo\u201d, ressalta a professora.<\/p>\n\n\n\n<p>Ap\u00f3s a forma\u00e7\u00e3o, a professora destaca que o projeto disponibiliza aos concluintes cursos t\u00e9cnicos e preparat\u00f3rio para o Exame Nacional do Ensino M\u00e9dio (Enem).&nbsp;&nbsp;<\/p>\n\n\n\n<p>Outras informa\u00e7\u00f5es podem ser obtidas pelo telefone (83) 3216-7477, de segunda a sexta-feira, no hor\u00e1rio das 8h \u00e0s 16h.<\/p>\n","protected":false},"excerpt":{"rendered":"<p>Est\u00e3o sendo oferecidas mais de 200 vagas&nbsp;em curso&nbsp; do ensino m\u00e9dio para Educa\u00e7\u00e3o de Jovens e Adultos (EJA) na&nbsp;Universidade Federal da Para\u00edba (UFPB). Ao todo,&hellip; <\/p>\n","protected":false},"author":1,"featured_media":135491,"comment_status":"closed","ping_status":"closed","sticky":false,"template":"","format":"standard","meta":{"sfsi_plus_gutenberg_text_before_share":"","sfsi_plus_gutenberg_show_text_before_share":"","sfsi_plus_gutenberg_icon_type":"","sfsi_plus_gutenberg_icon_alignemt":"","sfsi_plus_gutenburg_max_per_row":"","footnotes":""},"categories":[14],"tags":[],"class_list":["post-146960","post","type-post","status-publish","format-standard","has-post-thumbnail","hentry","category-educacao"],"_links":{"self":[{"href":"https:\/\/www.caririemacao.com\/1\/wp-json\/wp\/v2\/posts\/146960","targetHints":{"allow":["GET"]}}],"collection":[{"href":"https:\/\/www.caririemacao.com\/1\/wp-json\/wp\/v2\/posts"}],"about":[{"href":"https:\/\/www.caririemacao.com\/1\/wp-json\/wp\/v2\/types\/post"}],"author":[{"embeddable":true,"href":"https:\/\/www.caririemacao.com\/1\/wp-json\/wp\/v2\/users\/1"}],"replies":[{"embeddable":true,"href":"https:\/\/www.caririemacao.com\/1\/wp-json\/wp\/v2\/comments?post=146960"}],"version-history":[{"count":1,"href":"https:\/\/www.caririemacao.com\/1\/wp-json\/wp\/v2\/posts\/146960\/revisions"}],"predecessor-version":[{"id":146961,"href":"https:\/\/www.caririemacao.com\/1\/wp-json\/wp\/v2\/posts\/146960\/revisions\/146961"}],"wp:featuredmedia":[{"embeddable":true,"href":"https:\/\/www.caririemacao.com\/1\/wp-json\/wp\/v2\/media\/135491"}],"wp:attachment":[{"href":"https:\/\/www.caririemacao.com\/1\/wp-json\/wp\/v2\/media?parent=146960"}],"wp:term":[{"taxonomy":"category","embeddable":true,"href":"https:\/\/www.caririemacao.com\/1\/wp-json\/wp\/v2\/categories?post=146960"},{"taxonomy":"post_tag","embeddable":true,"href":"https:\/\/www.caririemacao.com\/1\/wp-json\/wp\/v2\/tags?post=146960"}],"curies":[{"name":"wp","href":"https:\/\/api.w.org\/{rel}","templated":true}]}}