{"id":146969,"date":"2020-01-17T07:44:31","date_gmt":"2020-01-17T10:44:31","guid":{"rendered":"http:\/\/www.caririemacao.com\/1\/?p=146969"},"modified":"2020-01-17T07:44:31","modified_gmt":"2020-01-17T10:44:31","slug":"escolha-de-ze-elias-como-pre-candidato-a-prefeito-em-gurjao-e-destaque-negativo-e-repercute-mal-no-municipio","status":"publish","type":"post","link":"https:\/\/www.caririemacao.com\/1\/2020\/01\/17\/escolha-de-ze-elias-como-pre-candidato-a-prefeito-em-gurjao-e-destaque-negativo-e-repercute-mal-no-municipio\/","title":{"rendered":"Escolha de Z\u00e9 Elias como pr\u00e9-candidato \u00e0 Prefeito em Gurj\u00e3o \u00e9 destaque negativo e repercute mal no munic\u00edpio"},"content":{"rendered":"\n<p>A escolha de forma antecipada do pr\u00e9 candidato a prefeito do grupo de situa\u00e7\u00e3o na cidade de Gurj\u00e3o parece que n\u00e3o foi considerada a mais acertada.<\/p>\n\n\n\n<p><br>O atual prefeito Ronaldo Queir\u00f3z, que j\u00e1 vem sofrendo com o desgaste por parte da opini\u00e3o p\u00fablica que clama por renova\u00e7\u00e3o na gest\u00e3o municipal teria feito uma escolha desastrosa ao indicar o nome do ex vereador Z\u00e9 Elias como seu pr\u00e9-candidato, o que teria ecoado muito mal, at\u00e9 entre membros do seu pr\u00f3prio grupo aliado.<br>O vereador Z\u00e9 Elias est\u00e1 afastado dos mandatos eletivos h\u00e1 quase 08 anos e teve experi\u00eancias desastrosas quando teve a oportunidade de comandar o legislativo gurjaoense, mostrando assim a sua total falta de habilidade quando o assunto \u00e9 gest\u00e3o.<\/p>\n\n\n\n<p><br>Z\u00e9 Elias inclusive teve por duas oportunidades, em dois bi\u00eanios, mandatos considerados totalmente desastrosos como Presidente da C\u00e2mara de Gurj\u00e3o.<br>O mandato de Z\u00e9 Elias foi bastante negativo na gest\u00e3o da casa Agripino de Farias em Gurj\u00e3o inclusive tendo o deixado preterido, em rela\u00e7\u00e3o \u00e0 indica\u00e7\u00e3o de seu nome na chapa majorit\u00e1ria do ent\u00e3o candidato \u00e0 prefeito pela 1\u00aa vez Ronaldo Queir\u00f3z.<\/p>\n\n\n\n<p><br>Os bi\u00eanios 2009\/2010 e 2011\/2012 foram marcados por muitas pol\u00eamicas relativas \u00e0 pr\u00f3pria aprova\u00e7\u00e3o das contas do ent\u00e3o presidente da Casa legislativa, o que acabou o afastando da disputa dos cargos eletivos.<\/p>\n\n\n\n<p><br>\u201cA indica\u00e7\u00e3o de Z\u00e9 Elias, mostra que o gestor n\u00e3o valoriza seus pares de maior relev\u00e2ncia, e tem o interesse de se manter de alguma forma com influencia no poder executivo, em caso de nova vit\u00f3ria. <\/p>\n\n\n\n<p>Mas esta tese j\u00e1 cai por \u00e1gua a baixo, pois a popula\u00e7\u00e3o anseia por mudan\u00e7as, e n\u00e3o por um sistema viciado e sem empolga\u00e7\u00e3o, que pretende administrar Gurj\u00e3o apenas para satisfazer interesses pessoais\u201d, disse um funcion\u00e1rio p\u00fablico municipal que preferiu n\u00e3o se identificar para evitar retalia\u00e7\u00f5es.<\/p>\n","protected":false},"excerpt":{"rendered":"<p>A escolha de forma antecipada do pr\u00e9 candidato a prefeito do grupo de situa\u00e7\u00e3o na cidade de Gurj\u00e3o parece que n\u00e3o foi considerada a mais&hellip; <\/p>\n","protected":false},"author":1,"featured_media":146970,"comment_status":"closed","ping_status":"closed","sticky":false,"template":"","format":"standard","meta":{"sfsi_plus_gutenberg_text_before_share":"","sfsi_plus_gutenberg_show_text_before_share":"","sfsi_plus_gutenberg_icon_type":"","sfsi_plus_gutenberg_icon_alignemt":"","sfsi_plus_gutenburg_max_per_row":"","footnotes":""},"categories":[6],"tags":[],"class_list":["post-146969","post","type-post","status-publish","format-standard","has-post-thumbnail","hentry","category-cidades"],"_links":{"self":[{"href":"https:\/\/www.caririemacao.com\/1\/wp-json\/wp\/v2\/posts\/146969","targetHints":{"allow":["GET"]}}],"collection":[{"href":"https:\/\/www.caririemacao.com\/1\/wp-json\/wp\/v2\/posts"}],"about":[{"href":"https:\/\/www.caririemacao.com\/1\/wp-json\/wp\/v2\/types\/post"}],"author":[{"embeddable":true,"href":"https:\/\/www.caririemacao.com\/1\/wp-json\/wp\/v2\/users\/1"}],"replies":[{"embeddable":true,"href":"https:\/\/www.caririemacao.com\/1\/wp-json\/wp\/v2\/comments?post=146969"}],"version-history":[{"count":1,"href":"https:\/\/www.caririemacao.com\/1\/wp-json\/wp\/v2\/posts\/146969\/revisions"}],"predecessor-version":[{"id":146971,"href":"https:\/\/www.caririemacao.com\/1\/wp-json\/wp\/v2\/posts\/146969\/revisions\/146971"}],"wp:featuredmedia":[{"embeddable":true,"href":"https:\/\/www.caririemacao.com\/1\/wp-json\/wp\/v2\/media\/146970"}],"wp:attachment":[{"href":"https:\/\/www.caririemacao.com\/1\/wp-json\/wp\/v2\/media?parent=146969"}],"wp:term":[{"taxonomy":"category","embeddable":true,"href":"https:\/\/www.caririemacao.com\/1\/wp-json\/wp\/v2\/categories?post=146969"},{"taxonomy":"post_tag","embeddable":true,"href":"https:\/\/www.caririemacao.com\/1\/wp-json\/wp\/v2\/tags?post=146969"}],"curies":[{"name":"wp","href":"https:\/\/api.w.org\/{rel}","templated":true}]}}