{"id":146984,"date":"2020-01-17T07:47:35","date_gmt":"2020-01-17T10:47:35","guid":{"rendered":"http:\/\/www.caririemacao.com\/1\/?p=146984"},"modified":"2020-01-17T07:47:35","modified_gmt":"2020-01-17T10:47:35","slug":"prefeitura-de-vista-serrana-lanca-concurso-para-diversas-areas","status":"publish","type":"post","link":"https:\/\/www.caririemacao.com\/1\/2020\/01\/17\/prefeitura-de-vista-serrana-lanca-concurso-para-diversas-areas\/","title":{"rendered":"Prefeitura de Vista Serrana lan\u00e7a concurso para diversas \u00e1reas"},"content":{"rendered":"\n<p>A Prefeitura de&nbsp;Vista Serrana publicou o edital de abertura para realiza\u00e7\u00e3o do Processo Seletivo Simplificado n\u00ba 001-2020 que ir\u00e1&nbsp;preencher vagas no servi\u00e7o p\u00fablico e forma\u00e7\u00e3o de cadastro de reserva. As vagas s\u00e3o para&nbsp;auxiliar de sa\u00fade bucal, enfermeiro UBS I; farmac\u00eautico; fisioterapeuta e monitor alfabetizador do EJC (magist\u00e9rio).&nbsp;<\/p>\n\n\n\n<p>O Processo Seletivo Simplificado (PSS) ser\u00e1 realizado em duas etapas com aplica\u00e7\u00e3o de provas e avalia\u00e7\u00e3o de t\u00edtulos.<\/p>\n\n\n\n<p>Os interessados em participar do PSS devem efetuar inscri\u00e7\u00e3o no per\u00edodo de 20 a 24 deste m\u00eas, na sede da Secretaria de Educa\u00e7\u00e3o \u2013 localizada na Rua Ab\u00edlio Garcia de Ara\u00fajo.&nbsp;O atendimento no local acontece pela manh\u00e3 das 8h \u00e0s 11h30.&nbsp;<\/p>\n\n\n\n<p>A taxa de inscri\u00e7\u00e3o custa R$ 20 para vagas de n\u00edvel t\u00e9cnico e R$ 30 para n\u00edvel superior.&nbsp;<\/p>\n","protected":false},"excerpt":{"rendered":"<p>A Prefeitura de&nbsp;Vista Serrana publicou o edital de abertura para realiza\u00e7\u00e3o do Processo Seletivo Simplificado n\u00ba 001-2020 que ir\u00e1&nbsp;preencher vagas no servi\u00e7o p\u00fablico e forma\u00e7\u00e3o&hellip; <\/p>\n","protected":false},"author":1,"featured_media":146985,"comment_status":"closed","ping_status":"closed","sticky":false,"template":"","format":"standard","meta":{"sfsi_plus_gutenberg_text_before_share":"","sfsi_plus_gutenberg_show_text_before_share":"","sfsi_plus_gutenberg_icon_type":"","sfsi_plus_gutenberg_icon_alignemt":"","sfsi_plus_gutenburg_max_per_row":"","footnotes":""},"categories":[6],"tags":[],"class_list":["post-146984","post","type-post","status-publish","format-standard","has-post-thumbnail","hentry","category-cidades"],"_links":{"self":[{"href":"https:\/\/www.caririemacao.com\/1\/wp-json\/wp\/v2\/posts\/146984","targetHints":{"allow":["GET"]}}],"collection":[{"href":"https:\/\/www.caririemacao.com\/1\/wp-json\/wp\/v2\/posts"}],"about":[{"href":"https:\/\/www.caririemacao.com\/1\/wp-json\/wp\/v2\/types\/post"}],"author":[{"embeddable":true,"href":"https:\/\/www.caririemacao.com\/1\/wp-json\/wp\/v2\/users\/1"}],"replies":[{"embeddable":true,"href":"https:\/\/www.caririemacao.com\/1\/wp-json\/wp\/v2\/comments?post=146984"}],"version-history":[{"count":1,"href":"https:\/\/www.caririemacao.com\/1\/wp-json\/wp\/v2\/posts\/146984\/revisions"}],"predecessor-version":[{"id":146986,"href":"https:\/\/www.caririemacao.com\/1\/wp-json\/wp\/v2\/posts\/146984\/revisions\/146986"}],"wp:featuredmedia":[{"embeddable":true,"href":"https:\/\/www.caririemacao.com\/1\/wp-json\/wp\/v2\/media\/146985"}],"wp:attachment":[{"href":"https:\/\/www.caririemacao.com\/1\/wp-json\/wp\/v2\/media?parent=146984"}],"wp:term":[{"taxonomy":"category","embeddable":true,"href":"https:\/\/www.caririemacao.com\/1\/wp-json\/wp\/v2\/categories?post=146984"},{"taxonomy":"post_tag","embeddable":true,"href":"https:\/\/www.caririemacao.com\/1\/wp-json\/wp\/v2\/tags?post=146984"}],"curies":[{"name":"wp","href":"https:\/\/api.w.org\/{rel}","templated":true}]}}