{"id":146990,"date":"2020-01-17T07:49:51","date_gmt":"2020-01-17T10:49:51","guid":{"rendered":"http:\/\/www.caririemacao.com\/1\/?p=146990"},"modified":"2020-01-17T07:49:51","modified_gmt":"2020-01-17T10:49:51","slug":"policia-militar-recupera-veiculo-roubado-apos-acao-criminosa-na-regiao-do-cariri","status":"publish","type":"post","link":"https:\/\/www.caririemacao.com\/1\/2020\/01\/17\/policia-militar-recupera-veiculo-roubado-apos-acao-criminosa-na-regiao-do-cariri\/","title":{"rendered":"Pol\u00edcia Militar recupera ve\u00edculo roubado ap\u00f3s a\u00e7\u00e3o criminosa na regi\u00e3o do Cariri"},"content":{"rendered":"\n<p>Na tarde desta quinta-feira(16) uma guarni\u00e7\u00e3o da Pol\u00edcia Militar da cidade de Gurj\u00e3o, recuperou um ve\u00edculo que havia sido tomado por assalto na cidade de Boa Vista.<\/p>\n\n\n\n<p>O ve\u00edculo roubado foi uma Nissan Frontier de cor branca, placar ITW-8933 \u2013 Salgueiro PE, e foi abandonado pelos criminosos na PB-176, rodovia que liga a BR-412 \u00e0 cidade de Gurj\u00e3o.<\/p>\n\n\n\n<p>Segundo informa\u00e7\u00f5es repassadas pelo Major Cl\u00e1udio, o ve\u00edculo teria supostamente sido usado em a\u00e7\u00f5es criminosas na regi\u00e3o do Cariri.<\/p>\n\n\n\n<p>As dilig\u00eancias continuam e o ve\u00edculo ser\u00e1 encaminhado para o propriet\u00e1rio do ve\u00edculo.<\/p>\n\n\n\n<p><br>Com\u00a0De Olho no Cariri<\/p>\n","protected":false},"excerpt":{"rendered":"<p>Na tarde desta quinta-feira(16) uma guarni\u00e7\u00e3o da Pol\u00edcia Militar da cidade de Gurj\u00e3o, recuperou um ve\u00edculo que havia sido tomado por assalto na cidade de&hellip; <\/p>\n","protected":false},"author":1,"featured_media":82836,"comment_status":"closed","ping_status":"closed","sticky":false,"template":"","format":"standard","meta":{"sfsi_plus_gutenberg_text_before_share":"","sfsi_plus_gutenberg_show_text_before_share":"","sfsi_plus_gutenberg_icon_type":"","sfsi_plus_gutenberg_icon_alignemt":"","sfsi_plus_gutenburg_max_per_row":"","footnotes":""},"categories":[50,12],"tags":[],"class_list":["post-146990","post","type-post","status-publish","format-standard","has-post-thumbnail","hentry","category-destaque","category-policia"],"_links":{"self":[{"href":"https:\/\/www.caririemacao.com\/1\/wp-json\/wp\/v2\/posts\/146990","targetHints":{"allow":["GET"]}}],"collection":[{"href":"https:\/\/www.caririemacao.com\/1\/wp-json\/wp\/v2\/posts"}],"about":[{"href":"https:\/\/www.caririemacao.com\/1\/wp-json\/wp\/v2\/types\/post"}],"author":[{"embeddable":true,"href":"https:\/\/www.caririemacao.com\/1\/wp-json\/wp\/v2\/users\/1"}],"replies":[{"embeddable":true,"href":"https:\/\/www.caririemacao.com\/1\/wp-json\/wp\/v2\/comments?post=146990"}],"version-history":[{"count":1,"href":"https:\/\/www.caririemacao.com\/1\/wp-json\/wp\/v2\/posts\/146990\/revisions"}],"predecessor-version":[{"id":146991,"href":"https:\/\/www.caririemacao.com\/1\/wp-json\/wp\/v2\/posts\/146990\/revisions\/146991"}],"wp:featuredmedia":[{"embeddable":true,"href":"https:\/\/www.caririemacao.com\/1\/wp-json\/wp\/v2\/media\/82836"}],"wp:attachment":[{"href":"https:\/\/www.caririemacao.com\/1\/wp-json\/wp\/v2\/media?parent=146990"}],"wp:term":[{"taxonomy":"category","embeddable":true,"href":"https:\/\/www.caririemacao.com\/1\/wp-json\/wp\/v2\/categories?post=146990"},{"taxonomy":"post_tag","embeddable":true,"href":"https:\/\/www.caririemacao.com\/1\/wp-json\/wp\/v2\/tags?post=146990"}],"curies":[{"name":"wp","href":"https:\/\/api.w.org\/{rel}","templated":true}]}}