{"id":146993,"date":"2020-01-17T07:51:40","date_gmt":"2020-01-17T10:51:40","guid":{"rendered":"http:\/\/www.caririemacao.com\/1\/?p=146993"},"modified":"2020-01-17T07:51:40","modified_gmt":"2020-01-17T10:51:40","slug":"prefeitura-de-monteiro-realiza-mais-uma-convocacao-dos-aprovados-no-concurso-de-2017","status":"publish","type":"post","link":"https:\/\/www.caririemacao.com\/1\/2020\/01\/17\/prefeitura-de-monteiro-realiza-mais-uma-convocacao-dos-aprovados-no-concurso-de-2017\/","title":{"rendered":"Prefeitura de Monteiro realiza mais uma convoca\u00e7\u00e3o dos aprovados no concurso de 2017"},"content":{"rendered":"\n<p>A Prefeitura do munic\u00edpio de Monteiro divulgou na manh\u00e3 desta quinta-feira, 16, mais um edital de convoca\u00e7\u00e3o para os aprovados no Concurso P\u00fablico n.\u00ba 001\/2017, de 05 de junho de 2017.Confira a lista de convocados e cargos:TECNICO ADMINISTRATIVO PLANTONISTA \u2013 JOAO CARLOS DE FARIAS CAVALCANTEOPER.DE MAQUINAS PESADAS \u2013 RETROESCAVADEIRA \u2013 HIAGO LEOVERGILIO SOUSACOZINHEIRO(A) PLANTONISTA \u2013 RITA DE KASSIA PEREIRA RODRIGUESCOZINHEIRO(A) PLANTONISTA \u2013 DIEGO CAVALCANTI DE OLIVEIRAAUX.APOIO ESCOLAR (SERV.GERAIS) \u2013 ZONA URBANA \u2013 ILANA CARLA ALVES BEZERRAAUX.DE APOIO EM SAUDE (SERV.GERAIS) \u2013 JOSINEIDE DOS SANTOS RODRIGUESAUXILIAR DE SERVICOS GERAIS \u2013 IRIS DA SILVA FERREIRA e CLAUDIANA BENTO ALVESMAQUEIRO \u2013 LAELSON RODRIGUES DA SILVAVIGIA \u2013 EDIVAN RAMOS DE SOUZAAUXILIAR DE CONSULTORIO DENTARIO \u2013 BIANCA TAMIRES NEVES FEITOSATECNICO EM ENFERMAGEM PLANTONISTA \u2013 DIOGO CABRAL DE MACEDO e ANA PAULA SANTOS FEITOSAPSICOPEDAGOGO EDUCACIONAL \u2013 LUCIANA MAURICIO DOS SANTOSPROF.EDUC.FUNDAMENTAL I \u2013 Z.URBANA \u2013 LUCELMA CRISTINE DE ARAUJO TEIXEIRAPROFESSOR DE MATEMATICA \u2013 ZONA URBANA \u2013 VALDEJUNIOR MANDU DA SILVABIOMEDICO \u2013 EDINEZ BARROS DE OLIVEIRA SESSEMEDICO CLINICO GERAL PLANTONISTA \u2013 ELEANDRO DE ANGELIENFERMEIRO PLANTONISTA \u2013 ADRIANE DE CASTRO SILVA ALENCARPSICOLOGO \u2013 CECILYA MAYARA LINS BATISTA<\/p>\n\n\n\n<p>Com mais esta convoca\u00e7\u00e3o, a gest\u00e3o da prefeita Anna Lorena continua na hist\u00f3ria do munic\u00edpio como a administra\u00e7\u00e3o que mais convocou em concurso p\u00fablico.Os aprovados convocados devem comparecer a Secretaria de Administra\u00e7\u00e3o, no pr\u00e9dio da C\u00e2mara de Vereadores no prazo de 30 dias munidos dos documentos necess\u00e1rios.<\/p>\n\n\n\n<p>\u201cS\u00e3o vinte convocados que assumir\u00e3o suas vagas e temos a certeza da dedica\u00e7\u00e3o de todos os que tomar\u00e3o posse. Seguimos trabalhando para fazer de Monteiro uma cidade cada vez melhor. Melhor no servi\u00e7o, atendimento e todas as \u00e1reas necess\u00e1rias para o bem-estar da popula\u00e7\u00e3o\u201d, afirma a gestora Anna Lorena.O edital de convoca\u00e7\u00e3o pode ser acessado no site oficial da Prefeitura de Monteiro no endere\u00e7o:\u00a0<a href=\"https:\/\/www.monteiro.pb.gov.br\/portal\/legislacao\/edital\/edital-de-convocacao-de-aprovados-no-concurso-0012017\">https:\/\/www.monteiro.pb.gov.br\/portal\/legislacao\/edital\/edital-de-convocacao-de-aprovados-no-concurso-0012017<\/a><\/p>\n","protected":false},"excerpt":{"rendered":"<p>A Prefeitura do munic\u00edpio de Monteiro divulgou na manh\u00e3 desta quinta-feira, 16, mais um edital de convoca\u00e7\u00e3o para os aprovados no Concurso P\u00fablico n.\u00ba 001\/2017,&hellip; <\/p>\n","protected":false},"author":1,"featured_media":141784,"comment_status":"closed","ping_status":"closed","sticky":false,"template":"","format":"standard","meta":{"sfsi_plus_gutenberg_text_before_share":"","sfsi_plus_gutenberg_show_text_before_share":"","sfsi_plus_gutenberg_icon_type":"","sfsi_plus_gutenberg_icon_alignemt":"","sfsi_plus_gutenburg_max_per_row":"","footnotes":""},"categories":[6],"tags":[],"class_list":["post-146993","post","type-post","status-publish","format-standard","has-post-thumbnail","hentry","category-cidades"],"_links":{"self":[{"href":"https:\/\/www.caririemacao.com\/1\/wp-json\/wp\/v2\/posts\/146993","targetHints":{"allow":["GET"]}}],"collection":[{"href":"https:\/\/www.caririemacao.com\/1\/wp-json\/wp\/v2\/posts"}],"about":[{"href":"https:\/\/www.caririemacao.com\/1\/wp-json\/wp\/v2\/types\/post"}],"author":[{"embeddable":true,"href":"https:\/\/www.caririemacao.com\/1\/wp-json\/wp\/v2\/users\/1"}],"replies":[{"embeddable":true,"href":"https:\/\/www.caririemacao.com\/1\/wp-json\/wp\/v2\/comments?post=146993"}],"version-history":[{"count":1,"href":"https:\/\/www.caririemacao.com\/1\/wp-json\/wp\/v2\/posts\/146993\/revisions"}],"predecessor-version":[{"id":146994,"href":"https:\/\/www.caririemacao.com\/1\/wp-json\/wp\/v2\/posts\/146993\/revisions\/146994"}],"wp:featuredmedia":[{"embeddable":true,"href":"https:\/\/www.caririemacao.com\/1\/wp-json\/wp\/v2\/media\/141784"}],"wp:attachment":[{"href":"https:\/\/www.caririemacao.com\/1\/wp-json\/wp\/v2\/media?parent=146993"}],"wp:term":[{"taxonomy":"category","embeddable":true,"href":"https:\/\/www.caririemacao.com\/1\/wp-json\/wp\/v2\/categories?post=146993"},{"taxonomy":"post_tag","embeddable":true,"href":"https:\/\/www.caririemacao.com\/1\/wp-json\/wp\/v2\/tags?post=146993"}],"curies":[{"name":"wp","href":"https:\/\/api.w.org\/{rel}","templated":true}]}}