{"id":146997,"date":"2020-01-17T07:57:04","date_gmt":"2020-01-17T10:57:04","guid":{"rendered":"http:\/\/www.caririemacao.com\/1\/?p=146997"},"modified":"2020-01-17T07:57:04","modified_gmt":"2020-01-17T10:57:04","slug":"gestao-de-zabele-continua-com-obras-em-ritmo-acelerado","status":"publish","type":"post","link":"https:\/\/www.caririemacao.com\/1\/2020\/01\/17\/gestao-de-zabele-continua-com-obras-em-ritmo-acelerado\/","title":{"rendered":"Gest\u00e3o de Zabel\u00ea continua com obras em ritmo acelerado"},"content":{"rendered":"\n<p>O trabalho n\u00e3o para no munic\u00edpio de Zabel\u00ea. Ap\u00f3s a conclus\u00e3o da pavimenta\u00e7\u00e3o da rua Manoel Francisco Alves, as interven\u00e7\u00f5es ocorrem, agora, em outra vias, a exemplos da Maria Cristina de Lima; a que fica em frente a Moveletro, terminando onde est\u00e1 localizada a lavanderia p\u00fablica.<\/p>\n\n\n\n<p><br>Mas, as a\u00e7\u00f5es da gest\u00e3o zabeleense n\u00e3o ficam apenas nestas ruas.<\/p>\n\n\n\n<p><br>A proposta do prefeito Dalyson Neves (PSDB) \u00e9 continuar com as a\u00e7\u00f5es na infraestrutura de outras avenidas a serem definidas posteriormente.<strong><br>SOPB<\/strong><\/p>\n","protected":false},"excerpt":{"rendered":"<p>O trabalho n\u00e3o para no munic\u00edpio de Zabel\u00ea. Ap\u00f3s a conclus\u00e3o da pavimenta\u00e7\u00e3o da rua Manoel Francisco Alves, as interven\u00e7\u00f5es ocorrem, agora, em outra vias,&hellip; <\/p>\n","protected":false},"author":1,"featured_media":14587,"comment_status":"closed","ping_status":"closed","sticky":false,"template":"","format":"standard","meta":{"sfsi_plus_gutenberg_text_before_share":"","sfsi_plus_gutenberg_show_text_before_share":"","sfsi_plus_gutenberg_icon_type":"","sfsi_plus_gutenberg_icon_alignemt":"","sfsi_plus_gutenburg_max_per_row":"","footnotes":""},"categories":[6],"tags":[],"class_list":["post-146997","post","type-post","status-publish","format-standard","has-post-thumbnail","hentry","category-cidades"],"_links":{"self":[{"href":"https:\/\/www.caririemacao.com\/1\/wp-json\/wp\/v2\/posts\/146997","targetHints":{"allow":["GET"]}}],"collection":[{"href":"https:\/\/www.caririemacao.com\/1\/wp-json\/wp\/v2\/posts"}],"about":[{"href":"https:\/\/www.caririemacao.com\/1\/wp-json\/wp\/v2\/types\/post"}],"author":[{"embeddable":true,"href":"https:\/\/www.caririemacao.com\/1\/wp-json\/wp\/v2\/users\/1"}],"replies":[{"embeddable":true,"href":"https:\/\/www.caririemacao.com\/1\/wp-json\/wp\/v2\/comments?post=146997"}],"version-history":[{"count":1,"href":"https:\/\/www.caririemacao.com\/1\/wp-json\/wp\/v2\/posts\/146997\/revisions"}],"predecessor-version":[{"id":146998,"href":"https:\/\/www.caririemacao.com\/1\/wp-json\/wp\/v2\/posts\/146997\/revisions\/146998"}],"wp:featuredmedia":[{"embeddable":true,"href":"https:\/\/www.caririemacao.com\/1\/wp-json\/wp\/v2\/media\/14587"}],"wp:attachment":[{"href":"https:\/\/www.caririemacao.com\/1\/wp-json\/wp\/v2\/media?parent=146997"}],"wp:term":[{"taxonomy":"category","embeddable":true,"href":"https:\/\/www.caririemacao.com\/1\/wp-json\/wp\/v2\/categories?post=146997"},{"taxonomy":"post_tag","embeddable":true,"href":"https:\/\/www.caririemacao.com\/1\/wp-json\/wp\/v2\/tags?post=146997"}],"curies":[{"name":"wp","href":"https:\/\/api.w.org\/{rel}","templated":true}]}}