{"id":147000,"date":"2020-01-17T07:58:49","date_gmt":"2020-01-17T10:58:49","guid":{"rendered":"http:\/\/www.caririemacao.com\/1\/?p=147000"},"modified":"2020-01-17T07:58:49","modified_gmt":"2020-01-17T10:58:49","slug":"prefeita-de-ouro-velho-natalia-lira-e-seu-grupo-politico-anunciam-apoio-a-joao-azevedo","status":"publish","type":"post","link":"https:\/\/www.caririemacao.com\/1\/2020\/01\/17\/prefeita-de-ouro-velho-natalia-lira-e-seu-grupo-politico-anunciam-apoio-a-joao-azevedo\/","title":{"rendered":"Prefeita de Ouro Velho, Nat\u00e1lia Lira, e seu grupo pol\u00edtico anunciam apoio \u00e0 Jo\u00e3o Azev\u00eado"},"content":{"rendered":"\n<p>Ap\u00f3s realizar uma reuni\u00e3o com todo o seu grupo pol\u00edtico, a Prefeita de Ouro Velho, Nat\u00e1lia Lira, e o seu esposo, o m\u00e9dico e l\u00edder pol\u00edtico Dr. J\u00fanior, o grupo decidiu aderir a base de apoio do governador Jo\u00e3o Azevedo, para que possam trabalhar juntos pelo desenvolvimento do munic\u00edpio.<\/p>\n\n\n\n<p>A prefeita Nat\u00e1lia informou que o vice-prefeito Fl\u00e1vio Henrique, e todos os vereadores que comp\u00f5em sua base na C\u00e2mara, al\u00e9m de auxiliares e lideran\u00e7as comunit\u00e1rias, seguem a sua orienta\u00e7\u00e3o pol\u00edtica, em apoio \u00e0 Jo\u00e3o Azevedo.<\/p>\n\n\n\n<p>Ao anunciar sua ades\u00e3o ao governador Jo\u00e3o Azevedo, a prefeita Nat\u00e1lia de Dr. J\u00fanior disse que o seu grupo pol\u00edtico est\u00e1 coeso e passar\u00e1 de agora em diante a trabalhar para fortalecer o governo estadual e municipal, pensando exclusivamente no bem comum da sociedade ourovelhense, na luta por mais obras estruturantes que venham impulsionar o seu desenvolvimento.<\/p>\n\n\n\n<p>\u201cDe agora em diante o governador Jo\u00e3o Azevedo ser\u00e1 nosso parceiro, e \u00e9 com a ajuda dele que iremos garantir um Ouro Velho mais justo, porque temos a convic\u00e7\u00e3o de que ele ter\u00e1 um olhar diferenciado para o nosso munic\u00edpio\u201d, afirmou a Prefeita Nat\u00e1lia de Dr. J\u00fanior.<\/p>\n\n\n\n<p>O m\u00e9dico Dr. J\u00fanior ressaltou que Jo\u00e3o Azevedo \u00e9 comprometido com os munic\u00edpios paraibanos e por isso decidiram apoiar o seu governo.<\/p>\n\n\n\n<p>\u201cEu acho que Jo\u00e3o Azevedo \u00e9 uma pessoa muito comprometida com a fun\u00e7\u00e3o p\u00fablica e com os munic\u00edpios. Eu pude perceber que ele passa confian\u00e7a aos prefeitos, e o governador est\u00e1 olhando Ouro Velho com um olhar bem diferente e sendo um grande parceiro\u201d, disse Dr. J\u00fanior.<\/p>\n\n\n\n<p>Com Teixeirinha da Prata<\/p>\n","protected":false},"excerpt":{"rendered":"<p>Ap\u00f3s realizar uma reuni\u00e3o com todo o seu grupo pol\u00edtico, a Prefeita de Ouro Velho, Nat\u00e1lia Lira, e o seu esposo, o m\u00e9dico e l\u00edder&hellip; <\/p>\n","protected":false},"author":1,"featured_media":147001,"comment_status":"closed","ping_status":"closed","sticky":false,"template":"","format":"standard","meta":{"sfsi_plus_gutenberg_text_before_share":"","sfsi_plus_gutenberg_show_text_before_share":"","sfsi_plus_gutenberg_icon_type":"","sfsi_plus_gutenberg_icon_alignemt":"","sfsi_plus_gutenburg_max_per_row":"","footnotes":""},"categories":[2],"tags":[],"class_list":["post-147000","post","type-post","status-publish","format-standard","has-post-thumbnail","hentry","category-geral"],"_links":{"self":[{"href":"https:\/\/www.caririemacao.com\/1\/wp-json\/wp\/v2\/posts\/147000","targetHints":{"allow":["GET"]}}],"collection":[{"href":"https:\/\/www.caririemacao.com\/1\/wp-json\/wp\/v2\/posts"}],"about":[{"href":"https:\/\/www.caririemacao.com\/1\/wp-json\/wp\/v2\/types\/post"}],"author":[{"embeddable":true,"href":"https:\/\/www.caririemacao.com\/1\/wp-json\/wp\/v2\/users\/1"}],"replies":[{"embeddable":true,"href":"https:\/\/www.caririemacao.com\/1\/wp-json\/wp\/v2\/comments?post=147000"}],"version-history":[{"count":1,"href":"https:\/\/www.caririemacao.com\/1\/wp-json\/wp\/v2\/posts\/147000\/revisions"}],"predecessor-version":[{"id":147002,"href":"https:\/\/www.caririemacao.com\/1\/wp-json\/wp\/v2\/posts\/147000\/revisions\/147002"}],"wp:featuredmedia":[{"embeddable":true,"href":"https:\/\/www.caririemacao.com\/1\/wp-json\/wp\/v2\/media\/147001"}],"wp:attachment":[{"href":"https:\/\/www.caririemacao.com\/1\/wp-json\/wp\/v2\/media?parent=147000"}],"wp:term":[{"taxonomy":"category","embeddable":true,"href":"https:\/\/www.caririemacao.com\/1\/wp-json\/wp\/v2\/categories?post=147000"},{"taxonomy":"post_tag","embeddable":true,"href":"https:\/\/www.caririemacao.com\/1\/wp-json\/wp\/v2\/tags?post=147000"}],"curies":[{"name":"wp","href":"https:\/\/api.w.org\/{rel}","templated":true}]}}