{"id":147004,"date":"2020-01-17T07:59:53","date_gmt":"2020-01-17T10:59:53","guid":{"rendered":"http:\/\/www.caririemacao.com\/1\/?p=147004"},"modified":"2020-01-17T07:59:53","modified_gmt":"2020-01-17T10:59:53","slug":"atendendo-a-populacao-prefeita-anna-lorena-entrega-mais-um-centro-de-educacao-infantil","status":"publish","type":"post","link":"https:\/\/www.caririemacao.com\/1\/2020\/01\/17\/atendendo-a-populacao-prefeita-anna-lorena-entrega-mais-um-centro-de-educacao-infantil\/","title":{"rendered":"Atendendo a popula\u00e7\u00e3o, prefeita Anna Lorena entrega mais um Centro de Educa\u00e7\u00e3o Infantil"},"content":{"rendered":"\n<p>Um dos pedidos mais ouvidos pela prefeita Anna Lorena durante suas visitas \u00e0 popula\u00e7\u00e3o era em rela\u00e7\u00e3o \u00e0 abertura de mais vagas para a educa\u00e7\u00e3o infantil. Neste sentido a gestora, junto com a secret\u00e1ria Ana Lima e equipe da educa\u00e7\u00e3o, n\u00e3o mediram esfor\u00e7os, e agora a Rede Municipal de Ensino conta com mais 200 vagas.<\/p>\n\n\n\n<p>O novo Centro de Educa\u00e7\u00e3o Infantil -CEI beneficiar\u00e1 crian\u00e7as em idade pr\u00e9-escolar entre 04 e 05 anos. As matr\u00edculas j\u00e1 est\u00e3o abertas e v\u00e3o at\u00e9 o dia 24 de janeiro e podem ser feitas na Secretaria Municipal de Educa\u00e7\u00e3o.<\/p>\n\n\n\n<p>\u201cO novo Centro de Educa\u00e7\u00e3o Infantil beneficiar\u00e1 uma \u00e1rea que tem crescido bastante em Monteiro, que compreende os bairros: Alto da Bela Vista, Quinta da Boa Vista, Altiplano (UPA) e Alto da Serra. Sempre ouvimos a popula\u00e7\u00e3o e procuramos sempre dentro das nossas possibilidades, e o CEI era uma luta que v\u00ednhamos travando e agora conseguimos\u201d, explica a prefeita Anna Lorena.<\/p>\n\n\n\n<p>O Centro de Educa\u00e7\u00e3o Infantil ficar\u00e1 localizado na Rua Sizenando Rafael, pr\u00f3ximo Escola Municipal de Ensino Fundamental Napole\u00e3o Santa Cruz Neto.<\/p>\n","protected":false},"excerpt":{"rendered":"<p>Um dos pedidos mais ouvidos pela prefeita Anna Lorena durante suas visitas \u00e0 popula\u00e7\u00e3o era em rela\u00e7\u00e3o \u00e0 abertura de mais vagas para a educa\u00e7\u00e3o&hellip; <\/p>\n","protected":false},"author":1,"featured_media":147005,"comment_status":"closed","ping_status":"closed","sticky":false,"template":"","format":"standard","meta":{"sfsi_plus_gutenberg_text_before_share":"","sfsi_plus_gutenberg_show_text_before_share":"","sfsi_plus_gutenberg_icon_type":"","sfsi_plus_gutenberg_icon_alignemt":"","sfsi_plus_gutenburg_max_per_row":"","footnotes":""},"categories":[2],"tags":[],"class_list":["post-147004","post","type-post","status-publish","format-standard","has-post-thumbnail","hentry","category-geral"],"_links":{"self":[{"href":"https:\/\/www.caririemacao.com\/1\/wp-json\/wp\/v2\/posts\/147004","targetHints":{"allow":["GET"]}}],"collection":[{"href":"https:\/\/www.caririemacao.com\/1\/wp-json\/wp\/v2\/posts"}],"about":[{"href":"https:\/\/www.caririemacao.com\/1\/wp-json\/wp\/v2\/types\/post"}],"author":[{"embeddable":true,"href":"https:\/\/www.caririemacao.com\/1\/wp-json\/wp\/v2\/users\/1"}],"replies":[{"embeddable":true,"href":"https:\/\/www.caririemacao.com\/1\/wp-json\/wp\/v2\/comments?post=147004"}],"version-history":[{"count":1,"href":"https:\/\/www.caririemacao.com\/1\/wp-json\/wp\/v2\/posts\/147004\/revisions"}],"predecessor-version":[{"id":147006,"href":"https:\/\/www.caririemacao.com\/1\/wp-json\/wp\/v2\/posts\/147004\/revisions\/147006"}],"wp:featuredmedia":[{"embeddable":true,"href":"https:\/\/www.caririemacao.com\/1\/wp-json\/wp\/v2\/media\/147005"}],"wp:attachment":[{"href":"https:\/\/www.caririemacao.com\/1\/wp-json\/wp\/v2\/media?parent=147004"}],"wp:term":[{"taxonomy":"category","embeddable":true,"href":"https:\/\/www.caririemacao.com\/1\/wp-json\/wp\/v2\/categories?post=147004"},{"taxonomy":"post_tag","embeddable":true,"href":"https:\/\/www.caririemacao.com\/1\/wp-json\/wp\/v2\/tags?post=147004"}],"curies":[{"name":"wp","href":"https:\/\/api.w.org\/{rel}","templated":true}]}}