{"id":147009,"date":"2020-01-17T08:01:52","date_gmt":"2020-01-17T11:01:52","guid":{"rendered":"http:\/\/www.caririemacao.com\/1\/?p=147009"},"modified":"2020-01-17T08:01:52","modified_gmt":"2020-01-17T11:01:52","slug":"festa-do-padroeiro-em-ss-do-umbuzeiro-teve-tradicional-missa-do-vaqueiro-nesta-quinta","status":"publish","type":"post","link":"https:\/\/www.caririemacao.com\/1\/2020\/01\/17\/festa-do-padroeiro-em-ss-do-umbuzeiro-teve-tradicional-missa-do-vaqueiro-nesta-quinta\/","title":{"rendered":"Festa do Padroeiro em SS do Umbuzeiro teve tradicional Missa do Vaqueiro nesta quinta"},"content":{"rendered":"\n<figure class=\"wp-block-image\"><a href=\"https:\/\/1.bp.blogspot.com\/-DQFmxU-2OJA\/XiCg-TGCGfI\/AAAAAAAAHWk\/Qe34yyugJvAQZjGl51aLhOddSaLGCauxQCLcBGAsYHQ\/s1600\/11111.jpg\"><img decoding=\"async\" data-src=\"https:\/\/1.bp.blogspot.com\/-DQFmxU-2OJA\/XiCg-TGCGfI\/AAAAAAAAHWk\/Qe34yyugJvAQZjGl51aLhOddSaLGCauxQCLcBGAsYHQ\/s280\/11111.jpg\" alt=\"\" src=\"data:image\/svg+xml;base64,PHN2ZyB3aWR0aD0iMSIgaGVpZ2h0PSIxIiB4bWxucz0iaHR0cDovL3d3dy53My5vcmcvMjAwMC9zdmciPjwvc3ZnPg==\" class=\"lazyload\" \/><\/a><\/figure>\n\n\n\n<p>Um dos momentos mais tradicionais da Festa do Padroeiro S\u00e3o Sebasti\u00e3o em Umbuzeiro, aconteceu na manh\u00e3 desta quinta feira, 16.<\/p>\n\n\n\n<p><br>A 33\u00aa Missa do Vaqueiro foi celebrada no Parque Santa \u00c1guida e a pega de boi no mato foi realizada, e contaram com a presen\u00e7a de um grande p\u00fablico.<br>A celebra\u00e7\u00e3o foi presidida pelo Padre Fabiano Cruz Ferreira, da par\u00f3quia Nossa Sra. da Guia, de Queimadas e concelebrada pelo Padre Marcos Souza.<\/p>\n\n\n\n<p><br>Durante o momento religioso participam da celebra\u00e7\u00e3o, Ceguinho aboiador, al\u00e9m de diversas autoridades do munic\u00edpio.<\/p>\n\n\n\n<p><br>Os noiteiros e coordenadores da festa nesta quinta feira, assim como da missa, s\u00e3o o vice prefeito Chico de Mariano, e Z\u00e9 Burrego e fam\u00edlia, e a noite hoje \u00e9 dedicada aos vaqueiros.<\/p>\n\n\n\n<p><br>Ainda hoje a noite na igreja matriz haver\u00e1 exposi\u00e7\u00e3o do sant\u00edssimo e ter\u00e7a da miseric\u00f3rdia.<br><\/p>\n\n\n\n<p>Tamb\u00e9m haver\u00e1 Santa Missa \u00e0 noite celebrada pelo Padre Jos\u00e9 Alexandre Moreira, p\u00e1roco da Par\u00f3quia Santa Terezinha de Massaranduba- PB, \u00e0s 19 horas.<strong><br><\/strong><\/p>\n\n\n\n<p><strong>SHOWS MUSICAIS<\/strong><br>Na pra\u00e7a de eventos, os shows desta noite ficam por conta de Henrique Cai\u00e7ara e Lulinha Vaqueiro.<br><\/p>\n\n\n\n<p>A festa conta com a realiza\u00e7\u00e3o da Par\u00f3quia de SS do Umbuzeiro, e o apoio total da Prefeitura Municipal e coordena\u00e7\u00e3o dos noiteiros.<br><\/p>\n\n\n\n<p>O evento conta tamb\u00e9m com a cobertura do BLOG DO F\u00c1BIO BRITO.<strong><br><\/strong><\/p>\n\n\n\n<p><strong>F\u00c1BIO BRITO<\/strong><\/p>\n","protected":false},"excerpt":{"rendered":"<p>Um dos momentos mais tradicionais da Festa do Padroeiro S\u00e3o Sebasti\u00e3o em Umbuzeiro, aconteceu na manh\u00e3 desta quinta feira, 16. A 33\u00aa Missa do Vaqueiro&hellip; <\/p>\n","protected":false},"author":1,"featured_media":147012,"comment_status":"closed","ping_status":"closed","sticky":false,"template":"","format":"standard","meta":{"sfsi_plus_gutenberg_text_before_share":"","sfsi_plus_gutenberg_show_text_before_share":"","sfsi_plus_gutenberg_icon_type":"","sfsi_plus_gutenberg_icon_alignemt":"","sfsi_plus_gutenburg_max_per_row":"","footnotes":""},"categories":[6],"tags":[],"class_list":["post-147009","post","type-post","status-publish","format-standard","has-post-thumbnail","hentry","category-cidades"],"_links":{"self":[{"href":"https:\/\/www.caririemacao.com\/1\/wp-json\/wp\/v2\/posts\/147009","targetHints":{"allow":["GET"]}}],"collection":[{"href":"https:\/\/www.caririemacao.com\/1\/wp-json\/wp\/v2\/posts"}],"about":[{"href":"https:\/\/www.caririemacao.com\/1\/wp-json\/wp\/v2\/types\/post"}],"author":[{"embeddable":true,"href":"https:\/\/www.caririemacao.com\/1\/wp-json\/wp\/v2\/users\/1"}],"replies":[{"embeddable":true,"href":"https:\/\/www.caririemacao.com\/1\/wp-json\/wp\/v2\/comments?post=147009"}],"version-history":[{"count":1,"href":"https:\/\/www.caririemacao.com\/1\/wp-json\/wp\/v2\/posts\/147009\/revisions"}],"predecessor-version":[{"id":147013,"href":"https:\/\/www.caririemacao.com\/1\/wp-json\/wp\/v2\/posts\/147009\/revisions\/147013"}],"wp:featuredmedia":[{"embeddable":true,"href":"https:\/\/www.caririemacao.com\/1\/wp-json\/wp\/v2\/media\/147012"}],"wp:attachment":[{"href":"https:\/\/www.caririemacao.com\/1\/wp-json\/wp\/v2\/media?parent=147009"}],"wp:term":[{"taxonomy":"category","embeddable":true,"href":"https:\/\/www.caririemacao.com\/1\/wp-json\/wp\/v2\/categories?post=147009"},{"taxonomy":"post_tag","embeddable":true,"href":"https:\/\/www.caririemacao.com\/1\/wp-json\/wp\/v2\/tags?post=147009"}],"curies":[{"name":"wp","href":"https:\/\/api.w.org\/{rel}","templated":true}]}}