{"id":147021,"date":"2020-01-17T08:16:38","date_gmt":"2020-01-17T11:16:38","guid":{"rendered":"http:\/\/www.caririemacao.com\/1\/?p=147021"},"modified":"2020-01-17T08:16:38","modified_gmt":"2020-01-17T11:16:38","slug":"copa-sao-paulo-vasco-gremio-sao-paulo-e-oeste-estao-nas-quartas","status":"publish","type":"post","link":"https:\/\/www.caririemacao.com\/1\/2020\/01\/17\/copa-sao-paulo-vasco-gremio-sao-paulo-e-oeste-estao-nas-quartas\/","title":{"rendered":"Copa S\u00e3o Paulo: Vasco, Gr\u00eamio, S\u00e3o Paulo e Oeste est\u00e3o nas quartas"},"content":{"rendered":"\n<p>Foram definidos nesta quinta (16) os \u00faltimos classificados para as quartas de final da Copa S\u00e3o Paulo de Futebol J\u00fanior: Vasco, Gr\u00eamio, S\u00e3o Paulo e Oeste.<\/p>\n\n\n\n<p>Jogando no est\u00e1dio Francisco Ribeiro Nogueira, em Mogi das Cruzes, o Gr\u00eamio derrotou o Atl\u00e9tico Mineiro por 4 a 1, de virada, para garantir sua vaga nas quartas. O destaque da partida foi o atacante Elias, que marcou duas vezes.<\/p>\n\n\n\n<p>O advers\u00e1rio do tricolor ga\u00facho na pr\u00f3xima fase ser\u00e1 o Vasco, que tamb\u00e9m teve que superar uma vantagem inicial do seu advers\u00e1rio desta quinta. Mas no final a equipe da colina conseguiu uma vit\u00f3ria de 4 a 2 jogando no est\u00e1dio Francisco Vieira, em Itapira.<\/p>\n\n\n\n<p>A equipe que teve menos dificuldades para alcan\u00e7ar a classifica\u00e7\u00e3o foi o S\u00e3o Paulo, que derrotou o Coritiba sem maiores sustos por 3 a 1 em partida realizada no est\u00e1dio Primeiro de Maio, em S\u00e3o Bernardo do Campo.<\/p>\n\n\n\n<p>Nas quartas o tricolor paulista enfrenta o Oeste, que superou o Ava\u00ed por 4 a 2 na disputa de p\u00eanaltis ap\u00f3s um empate sem gols com a bola rolando.<\/p>\n\n\n\n<h2 class=\"wp-block-heading\">Jogos das quartas<\/h2>\n\n\n\n<p>A disputa das quartas de final da Copa S\u00e3o Paulo come\u00e7a nesta sexta com o confronto entre Botafogo-SP e Internacional e a partida entre Corinthians e Athletico-PR.<\/p>\n","protected":false},"excerpt":{"rendered":"<p>Foram definidos nesta quinta (16) os \u00faltimos classificados para as quartas de final da Copa S\u00e3o Paulo de Futebol J\u00fanior: Vasco, Gr\u00eamio, S\u00e3o Paulo e&hellip; <\/p>\n","protected":false},"author":1,"featured_media":93143,"comment_status":"closed","ping_status":"closed","sticky":false,"template":"","format":"standard","meta":{"sfsi_plus_gutenberg_text_before_share":"","sfsi_plus_gutenberg_show_text_before_share":"","sfsi_plus_gutenberg_icon_type":"","sfsi_plus_gutenberg_icon_alignemt":"","sfsi_plus_gutenburg_max_per_row":"","footnotes":""},"categories":[13],"tags":[],"class_list":["post-147021","post","type-post","status-publish","format-standard","has-post-thumbnail","hentry","category-esportes"],"_links":{"self":[{"href":"https:\/\/www.caririemacao.com\/1\/wp-json\/wp\/v2\/posts\/147021","targetHints":{"allow":["GET"]}}],"collection":[{"href":"https:\/\/www.caririemacao.com\/1\/wp-json\/wp\/v2\/posts"}],"about":[{"href":"https:\/\/www.caririemacao.com\/1\/wp-json\/wp\/v2\/types\/post"}],"author":[{"embeddable":true,"href":"https:\/\/www.caririemacao.com\/1\/wp-json\/wp\/v2\/users\/1"}],"replies":[{"embeddable":true,"href":"https:\/\/www.caririemacao.com\/1\/wp-json\/wp\/v2\/comments?post=147021"}],"version-history":[{"count":1,"href":"https:\/\/www.caririemacao.com\/1\/wp-json\/wp\/v2\/posts\/147021\/revisions"}],"predecessor-version":[{"id":147025,"href":"https:\/\/www.caririemacao.com\/1\/wp-json\/wp\/v2\/posts\/147021\/revisions\/147025"}],"wp:featuredmedia":[{"embeddable":true,"href":"https:\/\/www.caririemacao.com\/1\/wp-json\/wp\/v2\/media\/93143"}],"wp:attachment":[{"href":"https:\/\/www.caririemacao.com\/1\/wp-json\/wp\/v2\/media?parent=147021"}],"wp:term":[{"taxonomy":"category","embeddable":true,"href":"https:\/\/www.caririemacao.com\/1\/wp-json\/wp\/v2\/categories?post=147021"},{"taxonomy":"post_tag","embeddable":true,"href":"https:\/\/www.caririemacao.com\/1\/wp-json\/wp\/v2\/tags?post=147021"}],"curies":[{"name":"wp","href":"https:\/\/api.w.org\/{rel}","templated":true}]}}