{"id":147028,"date":"2020-01-17T08:18:07","date_gmt":"2020-01-17T11:18:07","guid":{"rendered":"http:\/\/www.caririemacao.com\/1\/?p=147028"},"modified":"2020-01-17T08:18:07","modified_gmt":"2020-01-17T11:18:07","slug":"ministerio-da-saude-faz-alerta-sobre-febre-amarela","status":"publish","type":"post","link":"https:\/\/www.caririemacao.com\/1\/2020\/01\/17\/ministerio-da-saude-faz-alerta-sobre-febre-amarela\/","title":{"rendered":"Minist\u00e9rio da Sa\u00fade faz alerta sobre febre amarela"},"content":{"rendered":"\n<p>O Minist\u00e9rio da Sa\u00fade alerta quem ainda n\u00e3o se vacinou contra a febre amarela a buscar a imuniza\u00e7\u00e3o contra a doen\u00e7a. O alerta \u00e9 dirigido especialmente \u00e0 popula\u00e7\u00e3o das regi\u00f5es Sul e Sudeste, que est\u00e3o no centro da aten\u00e7\u00e3o dos especialistas&nbsp;depois que 38 macacos contaminados morreram nos estados do Paran\u00e1, de Santa Catarina e S\u00e3o Paulo.<\/p>\n\n\n\n<p>Ao todo, 1.087 notifica\u00e7\u00f5es de mortes suspeitas de macacos foram registradas no pa\u00eds. Os dados s\u00e3o do boletim epidemiol\u00f3gico divulgado nesta quarta-feira (15) pelo Minist\u00e9rio da Sa\u00fade, que apresenta o monitoramento da doen\u00e7a de julho de 2019 a 8 de janeiro deste ano. O alerta se d\u00e1 porque o Sul e o Sudeste s\u00e3o regi\u00f5es de grande contingente populacional e baixo n\u00famero de pessoas vacinadas, o que contribui diretamente para os casos da doen\u00e7a.<\/p>\n\n\n\n<p>Ou\u00e7a na&nbsp;<strong>R\u00e1dio Nacional<\/strong>:<\/p>\n\n\n\n<figure><iframe data-src=\"http:\/\/radioagencianacional.ebc.com.br\/sites\/_radioagencianacional2013\/themes\/radioagencianacional2013\/componentes\/componente-player\/embed.html?title=Brasil%20vive%20risco%20de%20nova%20epidemia%20de%20febre%20amarela&amp;url=http:\/\/radioagencianacional.ebc.com.br\/saude\/audio\/2020-01\/brasil-vive-risco-de-nova-epidemia-de-febre-amarela&amp;time=02:16&amp;tags-audio=Editoria,%20Tipos%20de%20Conte%C3%BAdo&amp;data-ogg=http:\/\/audios.ebc.com.br\/0b\/0b275696b8364a84862941a11b8ab3c5.ogg&amp;data-mp3=http:\/\/audios.ebc.com.br\/0b\/0b275696b8364a84862941a11b8ab3c5.mp3&amp;created=16\/01\/2020%20-%2015h02\" width=\"100%\" src=\"data:image\/svg+xml;base64,PHN2ZyB3aWR0aD0iMSIgaGVpZ2h0PSIxIiB4bWxucz0iaHR0cDovL3d3dy53My5vcmcvMjAwMC9zdmciPjwvc3ZnPg==\" class=\"lazyload\" data-load-mode=\"1\"><\/iframe><\/figure>\n\n\n\n<p>O p\u00fablico-alvo para vacina\u00e7\u00e3o inclui desde crian\u00e7as a partir de 9 meses de vida at\u00e9 pessoas com 59 anos de idade que n\u00e3o tenham comprovante de vacina\u00e7\u00e3o. Neste ano, as crian\u00e7as passam a receber um refor\u00e7o da vacina\u00e7\u00e3o aos 4 anos de idade.<\/p>\n\n\n\n<h2 class=\"wp-block-heading\">Casos em investiga\u00e7\u00e3o<\/h2>\n\n\n\n<p>No mesmo per\u00edodo, foram notificados 327 casos suspeitos de febre amarela em humanos. Destes, 50 permanecem em investiga\u00e7\u00e3o, e um foi confirmado. A v\u00edtima, residente do estado do Par\u00e1, faleceu.<\/p>\n\n\n\n<p>Atualmente, o Brasil tem registros apenas de febre amarela silvestre, ou seja, transmitida por mosquitos que vivem no campo e em florestas. Os \u00faltimos casos de febre amarela urbana (transmitida pelo mosquito<em>&nbsp;Aedes aegyptii<\/em>) foram registrados em 1942, no Acre.<\/p>\n\n\n\n<h2 class=\"wp-block-heading\">Monitoramento<\/h2>\n\n\n\n<p>Segundo o Minist\u00e9rio da Sa\u00fade, o v\u00edrus da febre amarela se mant\u00e9m naturalmente em um ciclo silvestre de transmiss\u00e3o, que envolve macacos e mosquitos silvestres. A pasta realiza um monitoramento para antecipar a ocorr\u00eancia da doen\u00e7a e, dessa forma, intervir para evitar casos humanos, por meio de vacina\u00e7\u00e3o. Al\u00e9m disso, atua de forma a evitar a transmiss\u00e3o por mosquitos urbanos, com o controle de vetores nas cidades. O macaco, principal hospedeiro e v\u00edtima da febre amarela, funciona como sentinela, indicando se o v\u00edrus est\u00e1 presente em determinada regi\u00e3o.<\/p>\n\n\n\n<h2 class=\"wp-block-heading\">Vacina<\/h2>\n\n\n\n<p>A vacina contra a febre amarela est\u00e1 no Calend\u00e1rio Nacional de Vacina\u00e7\u00e3o e \u00e9 distribu\u00edda mensalmente aos estados. No ano passado, mais de 16 milh\u00f5es de doses da vacina&nbsp;foram distribu\u00eddas para todo o pa\u00eds. De acordo com Minist\u00e9rio da Sa\u00fade, apesar dessa disponibilidade, \u00e9 baixa a procura da vacina pela popula\u00e7\u00e3o.<br><br>Para este ano, a pasta j\u00e1 adquiriu 71 milh\u00f5es de doses da vacina, o suficiente para atender o pa\u00eds por mais de tr\u00eas anos. Est\u00e1 prevista para 2020 a amplia\u00e7\u00e3o gradativa da vacina\u00e7\u00e3o contra febre amarela para 1.101 munic\u00edpios dos estados do Nordeste que ainda n\u00e3o faziam parte da \u00e1rea de recomenda\u00e7\u00e3o de vacina\u00e7\u00e3o. Dessa forma, todo o pa\u00eds passa a contar com a vacina contra a febre amarela na rotina dos servi\u00e7os.<\/p>\n","protected":false},"excerpt":{"rendered":"<p>O Minist\u00e9rio da Sa\u00fade alerta quem ainda n\u00e3o se vacinou contra a febre amarela a buscar a imuniza\u00e7\u00e3o contra a doen\u00e7a. O alerta \u00e9 dirigido&hellip; <\/p>\n","protected":false},"author":1,"featured_media":12493,"comment_status":"closed","ping_status":"closed","sticky":false,"template":"","format":"standard","meta":{"sfsi_plus_gutenberg_text_before_share":"","sfsi_plus_gutenberg_show_text_before_share":"","sfsi_plus_gutenberg_icon_type":"","sfsi_plus_gutenberg_icon_alignemt":"","sfsi_plus_gutenburg_max_per_row":"","footnotes":""},"categories":[50,16],"tags":[],"class_list":["post-147028","post","type-post","status-publish","format-standard","has-post-thumbnail","hentry","category-destaque","category-saude"],"_links":{"self":[{"href":"https:\/\/www.caririemacao.com\/1\/wp-json\/wp\/v2\/posts\/147028","targetHints":{"allow":["GET"]}}],"collection":[{"href":"https:\/\/www.caririemacao.com\/1\/wp-json\/wp\/v2\/posts"}],"about":[{"href":"https:\/\/www.caririemacao.com\/1\/wp-json\/wp\/v2\/types\/post"}],"author":[{"embeddable":true,"href":"https:\/\/www.caririemacao.com\/1\/wp-json\/wp\/v2\/users\/1"}],"replies":[{"embeddable":true,"href":"https:\/\/www.caririemacao.com\/1\/wp-json\/wp\/v2\/comments?post=147028"}],"version-history":[{"count":1,"href":"https:\/\/www.caririemacao.com\/1\/wp-json\/wp\/v2\/posts\/147028\/revisions"}],"predecessor-version":[{"id":147031,"href":"https:\/\/www.caririemacao.com\/1\/wp-json\/wp\/v2\/posts\/147028\/revisions\/147031"}],"wp:featuredmedia":[{"embeddable":true,"href":"https:\/\/www.caririemacao.com\/1\/wp-json\/wp\/v2\/media\/12493"}],"wp:attachment":[{"href":"https:\/\/www.caririemacao.com\/1\/wp-json\/wp\/v2\/media?parent=147028"}],"wp:term":[{"taxonomy":"category","embeddable":true,"href":"https:\/\/www.caririemacao.com\/1\/wp-json\/wp\/v2\/categories?post=147028"},{"taxonomy":"post_tag","embeddable":true,"href":"https:\/\/www.caririemacao.com\/1\/wp-json\/wp\/v2\/tags?post=147028"}],"curies":[{"name":"wp","href":"https:\/\/api.w.org\/{rel}","templated":true}]}}