{"id":147033,"date":"2020-01-17T08:20:16","date_gmt":"2020-01-17T11:20:16","guid":{"rendered":"http:\/\/www.caririemacao.com\/1\/?p=147033"},"modified":"2020-01-17T08:20:16","modified_gmt":"2020-01-17T11:20:16","slug":"municipios-precisam-realizar-conferencia-de-mulheres-ate-final-de-abril","status":"publish","type":"post","link":"https:\/\/www.caririemacao.com\/1\/2020\/01\/17\/municipios-precisam-realizar-conferencia-de-mulheres-ate-final-de-abril\/","title":{"rendered":"Munic\u00edpios precisam realizar confer\u00eancia de mulheres at\u00e9 final de abril"},"content":{"rendered":"\n<p><br>As prefeituras paraibanas t\u00eam at\u00e9 dia 30 de abril para realiza\u00e7\u00e3o das Confer\u00eancias Municipais e Intermunicipais de Pol\u00edticas P\u00fablicas para Mulheres, etapa que antecede a participa\u00e7\u00e3o na 5\u00aa Confer\u00eancia Estadual de Pol\u00edticas para as Mulheres, que acontecer\u00e1 nos dias 10 e 11 de julho, no Espa\u00e7o Cultural, em Jo\u00e3o Pessoa.<\/p>\n\n\n\n<p>Com o tema \u201cGarantias e Avan\u00e7os de Direitos das Mulheres: Democracia, Respeito, Diversidade e Autonomia\u201d, o Governo do Estado, por meio da Secretaria de Estado da Mulher e da Diversidade Humana (Semdh), e o Conselho Estadual dos Direitos da Mulher (CEDM), realizar\u00e1 a etapa estadual, que tem como foco ampliar a execu\u00e7\u00e3o de pol\u00edticas p\u00fablicas, enfrentamento de todas as formas de viol\u00eancias, inclus\u00e3o no trabalho e autonomia social, econ\u00f4mica, pol\u00edtica e cultural.<\/p>\n\n\n\n<figure class=\"wp-block-image\"><img decoding=\"async\" data-src=\"https:\/\/paraibaonline.com.br\/wp-content\/uploads\/2020\/01\/CONFER%C3%8ANCIA-ARQUIVO-556x417.jpeg\" alt=\"Foto: Secom\/PB - Arquivo\" class=\"wp-image-831298 lazyload\" src=\"data:image\/svg+xml;base64,PHN2ZyB3aWR0aD0iMSIgaGVpZ2h0PSIxIiB4bWxucz0iaHR0cDovL3d3dy53My5vcmcvMjAwMC9zdmciPjwvc3ZnPg==\" style=\"--smush-placeholder-width: 556px; --smush-placeholder-aspect-ratio: 556\/417;\" \/><\/figure>\n\n\n\n<p>Foto: Secom\/PB \u2013 Arquivo<\/p>\n\n\n\n<p>Ap\u00f3s as etapas municipais, os gestores ter\u00e3o 15 dias para envio de relat\u00f3rios e lista de delegadas eleitas. No total, mais de 400 delegadas dever\u00e3o participar do processo. O regimento est\u00e1 dispon\u00edvel aqui: https:\/\/bit.ly\/371cmz5<\/p>\n\n\n\n<p>Segundo a secret\u00e1ria da Mulher e da Diversidade Humana, L\u00eddia Moura, o objetivo da confer\u00eancia, al\u00e9m de analisar a a\u00e7\u00e3o dos movimentos de mulheres e feminista e a pol\u00edtica p\u00fablica para as mulheres no \u00e2mbito estadual, \u00e9 tamb\u00e9m estabelecer as diretrizes para implementa\u00e7\u00e3o do Sistema Nacional de Pol\u00edticas para Mulheres (Sinapom), propor a cria\u00e7\u00e3o do Fundo Estadual de Pol\u00edticas para Mulheres, e apresentar balan\u00e7o do monitoramento e acompanhamento do Plano Estadual de Pol\u00edticas para as Mulheres.<\/p>\n\n\n\n<p>No final da etapa estadual, ser\u00e3o eleitas as 60 delegadas da sociedade civil e governamental, que representar\u00e3o a Para\u00edba na Confer\u00eancia Nacional de Pol\u00edticas P\u00fablicas para Mulheres, de 24 a 27 de novembro deste ano, em Bras\u00edlia.<\/p>\n\n\n\n<p>De acordo com regimento do evento, os munic\u00edpios dever\u00e3o propor as etapas por meio de decreto ou documento normativo e encaminhar para comiss\u00e3o da organiza\u00e7\u00e3o estadual e nacional. Quando a confer\u00eancia for convocada pela sociedade civil dever\u00e1 ser feita por tr\u00eas ou mais organiza\u00e7\u00f5es dos movimentos feministas e de mulheres. As entidades devem comprovar que funcionam h\u00e1 mais de dois anos e a convoca\u00e7\u00e3o deve ser amplamente divulgada pela m\u00eddia.<\/p>\n\n\n\n<p>Segundo L\u00eddia Moura, a participa\u00e7\u00e3o de mulheres trans (pessoa que possui identidade de g\u00eanero feminina, diferente do sexo masculino com que nasceu) est\u00e1 garantida no regimento e qualquer tipo de discrimina\u00e7\u00e3o dever\u00e1 ser denunciado.<\/p>\n\n\n\n<p>Tamb\u00e9m foram incentivadas a participar mulheres negras, rurais, quilombolas, de diferentes gera\u00e7\u00f5es, assim como mulheres com defici\u00eancia, para garantir a diferen\u00e7a e a pluralidade na delega\u00e7\u00e3o paraibana.<\/p>\n","protected":false},"excerpt":{"rendered":"<p>As prefeituras paraibanas t\u00eam at\u00e9 dia 30 de abril para realiza\u00e7\u00e3o das Confer\u00eancias Municipais e Intermunicipais de Pol\u00edticas P\u00fablicas para Mulheres, etapa que antecede a&hellip; <\/p>\n","protected":false},"author":1,"featured_media":147036,"comment_status":"closed","ping_status":"closed","sticky":false,"template":"","format":"standard","meta":{"sfsi_plus_gutenberg_text_before_share":"","sfsi_plus_gutenberg_show_text_before_share":"","sfsi_plus_gutenberg_icon_type":"","sfsi_plus_gutenberg_icon_alignemt":"","sfsi_plus_gutenburg_max_per_row":"","footnotes":""},"categories":[6],"tags":[],"class_list":["post-147033","post","type-post","status-publish","format-standard","has-post-thumbnail","hentry","category-cidades"],"_links":{"self":[{"href":"https:\/\/www.caririemacao.com\/1\/wp-json\/wp\/v2\/posts\/147033","targetHints":{"allow":["GET"]}}],"collection":[{"href":"https:\/\/www.caririemacao.com\/1\/wp-json\/wp\/v2\/posts"}],"about":[{"href":"https:\/\/www.caririemacao.com\/1\/wp-json\/wp\/v2\/types\/post"}],"author":[{"embeddable":true,"href":"https:\/\/www.caririemacao.com\/1\/wp-json\/wp\/v2\/users\/1"}],"replies":[{"embeddable":true,"href":"https:\/\/www.caririemacao.com\/1\/wp-json\/wp\/v2\/comments?post=147033"}],"version-history":[{"count":1,"href":"https:\/\/www.caririemacao.com\/1\/wp-json\/wp\/v2\/posts\/147033\/revisions"}],"predecessor-version":[{"id":147037,"href":"https:\/\/www.caririemacao.com\/1\/wp-json\/wp\/v2\/posts\/147033\/revisions\/147037"}],"wp:featuredmedia":[{"embeddable":true,"href":"https:\/\/www.caririemacao.com\/1\/wp-json\/wp\/v2\/media\/147036"}],"wp:attachment":[{"href":"https:\/\/www.caririemacao.com\/1\/wp-json\/wp\/v2\/media?parent=147033"}],"wp:term":[{"taxonomy":"category","embeddable":true,"href":"https:\/\/www.caririemacao.com\/1\/wp-json\/wp\/v2\/categories?post=147033"},{"taxonomy":"post_tag","embeddable":true,"href":"https:\/\/www.caririemacao.com\/1\/wp-json\/wp\/v2\/tags?post=147033"}],"curies":[{"name":"wp","href":"https:\/\/api.w.org\/{rel}","templated":true}]}}