{"id":147040,"date":"2020-01-17T08:27:46","date_gmt":"2020-01-17T11:27:46","guid":{"rendered":"http:\/\/www.caririemacao.com\/1\/?p=147040"},"modified":"2020-01-17T08:27:46","modified_gmt":"2020-01-17T11:27:46","slug":"sao-lucas-fc-vence-cariri-fc-i-e-conquista-o-campeonato-rural-de-futebol-de-amparo-2019-20","status":"publish","type":"post","link":"https:\/\/www.caririemacao.com\/1\/2020\/01\/17\/sao-lucas-fc-vence-cariri-fc-i-e-conquista-o-campeonato-rural-de-futebol-de-amparo-2019-20\/","title":{"rendered":"S\u00e3o Lucas FC vence Cariri FC I e conquista o Campeonato Rural de Futebol de Amparo 2019\/20"},"content":{"rendered":"\n<p>Foi realizada hoje a grande final do Campeonato Rural de Futebol de Amparo, a decis\u00e3o foi entre as equipes do Cariri FC I e S\u00e3o Lucas FC. A partida foi realizada no Est\u00e1dio Municipal Ronald\u00e3o. A Secretaria de Esportes preparou uma bela cerim\u00f4nia antes do in\u00edcio da partida. O Prefeito In\u00e1cio N\u00f3brega esteve presente participando da entrega da premia\u00e7\u00e3o no est\u00e1dio.<br>O S\u00e3o Lucas FC venceu a partida pelo placar de 3 a 0, gols de Andr\u00e9 e Baia (2).<\/p>\n\n\n\n<p><\/p>\n\n\n\n<figure class=\"wp-block-table\"><table class=\"\"><tbody><tr><td><a href=\"https:\/\/1.bp.blogspot.com\/-jX_R6bwSHl8\/XiD2ViomXmI\/AAAAAAABIZA\/E3fR01JuKNsqhgkz7Z9vn83ePbCM-asSACEwYBhgL\/s1600\/CAMPEONATO%2BRURAL%2BDE%2BAMPARO%2B-%2BAMPARO%2BLIGADO%2B%252890%2529.JPG\"><\/a><\/td><\/tr><tr><td><em>S\u00e3o Lucas FC<\/em><\/td><\/tr><\/tbody><\/table><\/figure>\n\n\n\n<figure class=\"wp-block-table\"><table class=\"\"><tbody><tr><td><a href=\"https:\/\/1.bp.blogspot.com\/-ThhXKlFrti0\/XiD4eBFlsuI\/AAAAAAABIdc\/PmyzWhRGZzYCHK6M0JCbR2yq9nqF8weqQCLcBGAsYHQ\/s1600\/CAMPEONATO%2BRURAL%2BDE%2BAMPARO%2B-%2BAMPARO%2BLIGADO%2B%252899%2529.JPG\"><\/a><\/td><\/tr><tr><td><em>Cariri FC I<\/em><\/td><\/tr><\/tbody><\/table><\/figure>\n\n\n\n<p><strong>Confira como ficaram as coloca\u00e7\u00f5es finais:<br>1\u00ba Lugar:<\/strong>\u00a0S\u00e3o Lucas FC (Assentamento Mata)<strong>2\u00ba Lugar:<\/strong>\u00a0Cariri FC I (Riacho do Cariri)<strong>3\u00ba Lugar:<\/strong>\u00a0Salgadinho FC (Salgadinho)<strong>Artilheiro:<\/strong>\u00a0Baia (S\u00e3o Lucas FC)<\/p>\n\n\n\n<p><\/p>\n\n\n\n<p>Amparo Ligado<\/p>\n","protected":false},"excerpt":{"rendered":"<p>Foi realizada hoje a grande final do Campeonato Rural de Futebol de Amparo, a decis\u00e3o foi entre as equipes do Cariri FC I e S\u00e3o&hellip; <\/p>\n","protected":false},"author":1,"featured_media":147043,"comment_status":"closed","ping_status":"closed","sticky":false,"template":"","format":"standard","meta":{"sfsi_plus_gutenberg_text_before_share":"","sfsi_plus_gutenberg_show_text_before_share":"","sfsi_plus_gutenberg_icon_type":"","sfsi_plus_gutenberg_icon_alignemt":"","sfsi_plus_gutenburg_max_per_row":"","footnotes":""},"categories":[13],"tags":[],"class_list":["post-147040","post","type-post","status-publish","format-standard","has-post-thumbnail","hentry","category-esportes"],"_links":{"self":[{"href":"https:\/\/www.caririemacao.com\/1\/wp-json\/wp\/v2\/posts\/147040","targetHints":{"allow":["GET"]}}],"collection":[{"href":"https:\/\/www.caririemacao.com\/1\/wp-json\/wp\/v2\/posts"}],"about":[{"href":"https:\/\/www.caririemacao.com\/1\/wp-json\/wp\/v2\/types\/post"}],"author":[{"embeddable":true,"href":"https:\/\/www.caririemacao.com\/1\/wp-json\/wp\/v2\/users\/1"}],"replies":[{"embeddable":true,"href":"https:\/\/www.caririemacao.com\/1\/wp-json\/wp\/v2\/comments?post=147040"}],"version-history":[{"count":1,"href":"https:\/\/www.caririemacao.com\/1\/wp-json\/wp\/v2\/posts\/147040\/revisions"}],"predecessor-version":[{"id":147044,"href":"https:\/\/www.caririemacao.com\/1\/wp-json\/wp\/v2\/posts\/147040\/revisions\/147044"}],"wp:featuredmedia":[{"embeddable":true,"href":"https:\/\/www.caririemacao.com\/1\/wp-json\/wp\/v2\/media\/147043"}],"wp:attachment":[{"href":"https:\/\/www.caririemacao.com\/1\/wp-json\/wp\/v2\/media?parent=147040"}],"wp:term":[{"taxonomy":"category","embeddable":true,"href":"https:\/\/www.caririemacao.com\/1\/wp-json\/wp\/v2\/categories?post=147040"},{"taxonomy":"post_tag","embeddable":true,"href":"https:\/\/www.caririemacao.com\/1\/wp-json\/wp\/v2\/tags?post=147040"}],"curies":[{"name":"wp","href":"https:\/\/api.w.org\/{rel}","templated":true}]}}