{"id":147056,"date":"2020-01-17T10:18:50","date_gmt":"2020-01-17T13:18:50","guid":{"rendered":"http:\/\/www.caririemacao.com\/1\/?p=147056"},"modified":"2020-01-17T10:18:50","modified_gmt":"2020-01-17T13:18:50","slug":"prefeitura-de-sj-do-tigre-entregara-sementes-em-parceria-com-governo-do-estado","status":"publish","type":"post","link":"https:\/\/www.caririemacao.com\/1\/2020\/01\/17\/prefeitura-de-sj-do-tigre-entregara-sementes-em-parceria-com-governo-do-estado\/","title":{"rendered":"Prefeitura de SJ do Tigre entregar\u00e1 sementes em parceria com Governo do Estado"},"content":{"rendered":"\n<p>O secret\u00e1rio\u00a0 Tadeu Queir\u00f3z confirmou que a Secretaria de Agricultura de S\u00e3o Jo\u00e3o do Tigre em parceria com o Governo do Estado atrav\u00e9s da EMPAER estar\u00e3o realizando na pr\u00f3xima segunda feira, 20, a entrega de sementes de diversas culturas a agricultores do munic\u00edpio.<\/p>\n\n\n\n<p><br>Ser\u00e3o distribu\u00eddas sementes de milho, feij\u00e3o e sorgo para os agricultores do munic\u00edpio que possuem sua DAP ativa.<br>A entrega das sementes ser\u00e1 realizada no Centro de Vivencia, no escrit\u00f3rio da secretaria.<\/p>\n\n\n\n<p><br>O secret\u00e1rio Tadeu pediu ainda para que os agricultores apresentem a DAP no ato do recebimento das sementes.<\/p>\n\n\n\n<p><strong><br>F\u00c1BIO BRITO<\/strong><\/p>\n","protected":false},"excerpt":{"rendered":"<p>O secret\u00e1rio\u00a0 Tadeu Queir\u00f3z confirmou que a Secretaria de Agricultura de S\u00e3o Jo\u00e3o do Tigre em parceria com o Governo do Estado atrav\u00e9s da EMPAER&hellip; <\/p>\n","protected":false},"author":1,"featured_media":23164,"comment_status":"closed","ping_status":"closed","sticky":false,"template":"","format":"standard","meta":{"sfsi_plus_gutenberg_text_before_share":"","sfsi_plus_gutenberg_show_text_before_share":"","sfsi_plus_gutenberg_icon_type":"","sfsi_plus_gutenberg_icon_alignemt":"","sfsi_plus_gutenburg_max_per_row":"","footnotes":""},"categories":[2],"tags":[],"class_list":["post-147056","post","type-post","status-publish","format-standard","has-post-thumbnail","hentry","category-geral"],"_links":{"self":[{"href":"https:\/\/www.caririemacao.com\/1\/wp-json\/wp\/v2\/posts\/147056","targetHints":{"allow":["GET"]}}],"collection":[{"href":"https:\/\/www.caririemacao.com\/1\/wp-json\/wp\/v2\/posts"}],"about":[{"href":"https:\/\/www.caririemacao.com\/1\/wp-json\/wp\/v2\/types\/post"}],"author":[{"embeddable":true,"href":"https:\/\/www.caririemacao.com\/1\/wp-json\/wp\/v2\/users\/1"}],"replies":[{"embeddable":true,"href":"https:\/\/www.caririemacao.com\/1\/wp-json\/wp\/v2\/comments?post=147056"}],"version-history":[{"count":1,"href":"https:\/\/www.caririemacao.com\/1\/wp-json\/wp\/v2\/posts\/147056\/revisions"}],"predecessor-version":[{"id":147057,"href":"https:\/\/www.caririemacao.com\/1\/wp-json\/wp\/v2\/posts\/147056\/revisions\/147057"}],"wp:featuredmedia":[{"embeddable":true,"href":"https:\/\/www.caririemacao.com\/1\/wp-json\/wp\/v2\/media\/23164"}],"wp:attachment":[{"href":"https:\/\/www.caririemacao.com\/1\/wp-json\/wp\/v2\/media?parent=147056"}],"wp:term":[{"taxonomy":"category","embeddable":true,"href":"https:\/\/www.caririemacao.com\/1\/wp-json\/wp\/v2\/categories?post=147056"},{"taxonomy":"post_tag","embeddable":true,"href":"https:\/\/www.caririemacao.com\/1\/wp-json\/wp\/v2\/tags?post=147056"}],"curies":[{"name":"wp","href":"https:\/\/api.w.org\/{rel}","templated":true}]}}