{"id":147059,"date":"2020-01-17T10:23:36","date_gmt":"2020-01-17T13:23:36","guid":{"rendered":"http:\/\/www.caririemacao.com\/1\/?p=147059"},"modified":"2020-01-17T10:23:36","modified_gmt":"2020-01-17T13:23:36","slug":"prefeito-adriano-wolff-assina-ordem-de-servico-para-construcao-de-mais-de-40-banheiros-na-zona-rural-de-sao-sebastiao-do-umbuzeiro","status":"publish","type":"post","link":"https:\/\/www.caririemacao.com\/1\/2020\/01\/17\/prefeito-adriano-wolff-assina-ordem-de-servico-para-construcao-de-mais-de-40-banheiros-na-zona-rural-de-sao-sebastiao-do-umbuzeiro\/","title":{"rendered":"Prefeito Adriano Wolff assina ordem de servi\u00e7o para constru\u00e7\u00e3o de mais de 40 banheiros na zona rural de S\u00e3o Sebasti\u00e3o do Umbuzeiro"},"content":{"rendered":"\n<p>O prefeito Adriano Wolff&nbsp;&nbsp;viabilizou mais uma conquista para a popula\u00e7\u00e3o de S\u00e3o Sebasti\u00e3o do Umbuzeiro, desta vez para a zona rural.<br>Foi assinada nesta quinta feira, 16, a ordem de servi\u00e7o para constru\u00e7\u00e3o de 41 banheiros na zona rural.<br>De acordo com o prefeito de S\u00e3o Sebasti\u00e3o, na obra ser\u00e3o investidos recursos na ordem de 500 mil reais<br>Na assinatura da ordem de servi\u00e7o estiveram presentes al\u00e9m do prefeito, o Secret\u00e1rio de Estado da Agricultura Efraim Morais, secret\u00e1rios municipais, os vereadores Celinha, C\u00edcero Lira e Ja\u00edlson, al\u00e9m do representante da empresa que ganhou a licita\u00e7\u00e3o, que inclusive aproveitou para garantir e confirmar que a obra come\u00e7a j\u00e1 na pr\u00f3xima quarta feira<br>O prefeito Adriano lembrou que trata-se de recursos da FUNASA e a libera\u00e7\u00e3o destes recursos foi prioridade total do Deputado Federal Efraim Filho, que n\u00e3o tem medido esfor\u00e7os para carrear recursos federais para atender as demandas de S\u00e3o Sebasti\u00e3o do Umbuzeiro.<strong><br><\/strong><strong>F\u00c1BIO BRITO<\/strong><\/p>\n","protected":false},"excerpt":{"rendered":"<p>O prefeito Adriano Wolff&nbsp;&nbsp;viabilizou mais uma conquista para a popula\u00e7\u00e3o de S\u00e3o Sebasti\u00e3o do Umbuzeiro, desta vez para a zona rural.Foi assinada nesta quinta feira,&hellip; <\/p>\n","protected":false},"author":1,"featured_media":147060,"comment_status":"closed","ping_status":"closed","sticky":false,"template":"","format":"standard","meta":{"sfsi_plus_gutenberg_text_before_share":"","sfsi_plus_gutenberg_show_text_before_share":"","sfsi_plus_gutenberg_icon_type":"","sfsi_plus_gutenberg_icon_alignemt":"","sfsi_plus_gutenburg_max_per_row":"","footnotes":""},"categories":[2],"tags":[],"class_list":["post-147059","post","type-post","status-publish","format-standard","has-post-thumbnail","hentry","category-geral"],"_links":{"self":[{"href":"https:\/\/www.caririemacao.com\/1\/wp-json\/wp\/v2\/posts\/147059","targetHints":{"allow":["GET"]}}],"collection":[{"href":"https:\/\/www.caririemacao.com\/1\/wp-json\/wp\/v2\/posts"}],"about":[{"href":"https:\/\/www.caririemacao.com\/1\/wp-json\/wp\/v2\/types\/post"}],"author":[{"embeddable":true,"href":"https:\/\/www.caririemacao.com\/1\/wp-json\/wp\/v2\/users\/1"}],"replies":[{"embeddable":true,"href":"https:\/\/www.caririemacao.com\/1\/wp-json\/wp\/v2\/comments?post=147059"}],"version-history":[{"count":1,"href":"https:\/\/www.caririemacao.com\/1\/wp-json\/wp\/v2\/posts\/147059\/revisions"}],"predecessor-version":[{"id":147061,"href":"https:\/\/www.caririemacao.com\/1\/wp-json\/wp\/v2\/posts\/147059\/revisions\/147061"}],"wp:featuredmedia":[{"embeddable":true,"href":"https:\/\/www.caririemacao.com\/1\/wp-json\/wp\/v2\/media\/147060"}],"wp:attachment":[{"href":"https:\/\/www.caririemacao.com\/1\/wp-json\/wp\/v2\/media?parent=147059"}],"wp:term":[{"taxonomy":"category","embeddable":true,"href":"https:\/\/www.caririemacao.com\/1\/wp-json\/wp\/v2\/categories?post=147059"},{"taxonomy":"post_tag","embeddable":true,"href":"https:\/\/www.caririemacao.com\/1\/wp-json\/wp\/v2\/tags?post=147059"}],"curies":[{"name":"wp","href":"https:\/\/api.w.org\/{rel}","templated":true}]}}