{"id":147082,"date":"2020-01-17T10:30:28","date_gmt":"2020-01-17T13:30:28","guid":{"rendered":"http:\/\/www.caririemacao.com\/1\/?p=147082"},"modified":"2020-01-17T10:30:28","modified_gmt":"2020-01-17T13:30:28","slug":"operacao-manto-da-justica-vereador-e-preso-acusado-de-planejar-assassinatos","status":"publish","type":"post","link":"https:\/\/www.caririemacao.com\/1\/2020\/01\/17\/operacao-manto-da-justica-vereador-e-preso-acusado-de-planejar-assassinatos\/","title":{"rendered":"Opera\u00e7\u00e3o Manto da Justi\u00e7a: vereador \u00e9 preso acusado de planejar assassinatos"},"content":{"rendered":"\n<p>O vereador de Princesa Isabel Rinaldo Eufrasino de Andrade (PSB) foi preso nesta sexta-feira (17) durante a Opera\u00e7\u00e3o Manto da Justi\u00e7a. O parlamentar \u00e9 acusado de, juntamente com outras pessoas, planejar assassinatos na regi\u00e3o do munic\u00edpio.<\/p>\n\n\n\n<p>A opera\u00e7\u00e3o da Pol\u00edcia Civil deflagrada nesta sexta-feira j\u00e1 cumpriu nove mandados judiciais \u2013 dois de pris\u00e3o tempor\u00e1ria e sete de busca e apreens\u00e3o \u2013 e j\u00e1 prendeu quatro pessoas.<\/p>\n\n\n\n<p>Segundo informa\u00e7\u00f5es do delegado Andr\u00e9 Rabello, o objetivo da opera\u00e7\u00e3o \u00e9 evitar a morte de duas pessoas que seriam assassinadas nos pr\u00f3ximos dias na cidade. O mandante desses crimes, segundo a Pol\u00edcia Civil, \u00e9 um dos homens que teve a pris\u00e3o decretada pela Justi\u00e7a e ser\u00e1 alvo da opera\u00e7\u00e3o.<\/p>\n\n\n\n<p>Ainda de acordo com Rabello, a investiga\u00e7\u00e3o foi realizada pelo delegado Cristiano Jaques, que descobriu uma trama de mortes nessa regi\u00e3o.<\/p>\n","protected":false},"excerpt":{"rendered":"<p>O vereador de Princesa Isabel Rinaldo Eufrasino de Andrade (PSB) foi preso nesta sexta-feira (17) durante a Opera\u00e7\u00e3o Manto da Justi\u00e7a. O parlamentar \u00e9 acusado&hellip; <\/p>\n","protected":false},"author":1,"featured_media":147088,"comment_status":"closed","ping_status":"closed","sticky":false,"template":"","format":"standard","meta":{"sfsi_plus_gutenberg_text_before_share":"","sfsi_plus_gutenberg_show_text_before_share":"","sfsi_plus_gutenberg_icon_type":"","sfsi_plus_gutenberg_icon_alignemt":"","sfsi_plus_gutenburg_max_per_row":"","footnotes":""},"categories":[12],"tags":[],"class_list":["post-147082","post","type-post","status-publish","format-standard","has-post-thumbnail","hentry","category-policia"],"_links":{"self":[{"href":"https:\/\/www.caririemacao.com\/1\/wp-json\/wp\/v2\/posts\/147082","targetHints":{"allow":["GET"]}}],"collection":[{"href":"https:\/\/www.caririemacao.com\/1\/wp-json\/wp\/v2\/posts"}],"about":[{"href":"https:\/\/www.caririemacao.com\/1\/wp-json\/wp\/v2\/types\/post"}],"author":[{"embeddable":true,"href":"https:\/\/www.caririemacao.com\/1\/wp-json\/wp\/v2\/users\/1"}],"replies":[{"embeddable":true,"href":"https:\/\/www.caririemacao.com\/1\/wp-json\/wp\/v2\/comments?post=147082"}],"version-history":[{"count":1,"href":"https:\/\/www.caririemacao.com\/1\/wp-json\/wp\/v2\/posts\/147082\/revisions"}],"predecessor-version":[{"id":147089,"href":"https:\/\/www.caririemacao.com\/1\/wp-json\/wp\/v2\/posts\/147082\/revisions\/147089"}],"wp:featuredmedia":[{"embeddable":true,"href":"https:\/\/www.caririemacao.com\/1\/wp-json\/wp\/v2\/media\/147088"}],"wp:attachment":[{"href":"https:\/\/www.caririemacao.com\/1\/wp-json\/wp\/v2\/media?parent=147082"}],"wp:term":[{"taxonomy":"category","embeddable":true,"href":"https:\/\/www.caririemacao.com\/1\/wp-json\/wp\/v2\/categories?post=147082"},{"taxonomy":"post_tag","embeddable":true,"href":"https:\/\/www.caririemacao.com\/1\/wp-json\/wp\/v2\/tags?post=147082"}],"curies":[{"name":"wp","href":"https:\/\/api.w.org\/{rel}","templated":true}]}}