{"id":147092,"date":"2020-01-17T10:35:18","date_gmt":"2020-01-17T13:35:18","guid":{"rendered":"http:\/\/www.caririemacao.com\/1\/?p=147092"},"modified":"2020-01-17T10:36:27","modified_gmt":"2020-01-17T13:36:27","slug":"vereador-chefe-de-grupo-de-exterminio-planejava-matar-colega-de-camara-e-mais-tres-pessoas-segundo-investigacoes","status":"publish","type":"post","link":"https:\/\/www.caririemacao.com\/1\/2020\/01\/17\/vereador-chefe-de-grupo-de-exterminio-planejava-matar-colega-de-camara-e-mais-tres-pessoas-segundo-investigacoes\/","title":{"rendered":"Vereador chefe de grupo de exterm\u00ednio planejava matar colega de C\u00e2mara e mais tr\u00eas pessoas, segundo investiga\u00e7\u00f5es"},"content":{"rendered":"\n<div class=\"wp-block-image\"><figure class=\"aligncenter\"><img decoding=\"async\" data-src=\"http:\/\/deolhonocariri.com.br\/wp-content\/uploads\/2020\/01\/operacao_manto_da_justica.jpeg\" alt=\"\" class=\"wp-image-76582 lazyload\" src=\"data:image\/svg+xml;base64,PHN2ZyB3aWR0aD0iMSIgaGVpZ2h0PSIxIiB4bWxucz0iaHR0cDovL3d3dy53My5vcmcvMjAwMC9zdmciPjwvc3ZnPg==\" \/><\/figure><\/div>\n\n\n\n<p>O vereador que foi&nbsp;preso pela Opera\u00e7\u00e3o \u2018Manto da Justi\u00e7a\u2019&nbsp;na manh\u00e3 desta sexta-feira (17) era chefe de um grupo de exterm\u00ednio que planejava a morte de outro vereador, um ex-vereador e dois comerciantes, de acordo com informa\u00e7\u00f5es do delegado Cristiano Jacques ao Click PB. O delegado afirmou que a ordem para matar o vereador foi motivada por disputas na C\u00e2mara.<\/p>\n\n\n\n<p>Os nomes dos envolvidos est\u00e3o em sigilo, mas as informa\u00e7\u00f5es que circulam no munic\u00edpio de Princesa Isabel, onde ocorreu a opera\u00e7\u00e3o, e na imprensa, d\u00e3o conta de que o vereador preso seria Rinaldo Eufrasino de Andrade, conhecido como Rinaldo do Gavi\u00e3o.<\/p>\n\n\n\n<p>De acordo com o delegado, o grupo de exterm\u00ednio foi respons\u00e1vel pelas mortes de Jos\u00e9 Bernardino Neto, em Tavares; do homem conhecido como Joaquim das Passagens, em Princesa Isabel; e dos pistoleiros Raniere e Paulinho. Al\u00e9m disso, eles tamb\u00e9m teriam tentado matar o indiv\u00edduo conhecido como \u2018Peba\u2019, e tinham planos para outras execu\u00e7\u00f5es.<\/p>\n\n\n\n<p><em>Click PB<\/em><\/p>\n","protected":false},"excerpt":{"rendered":"<p>O vereador que foi&nbsp;preso pela Opera\u00e7\u00e3o \u2018Manto da Justi\u00e7a\u2019&nbsp;na manh\u00e3 desta sexta-feira (17) era chefe de um grupo de exterm\u00ednio que planejava a morte de&hellip; <\/p>\n","protected":false},"author":1,"featured_media":147095,"comment_status":"closed","ping_status":"closed","sticky":false,"template":"","format":"standard","meta":{"sfsi_plus_gutenberg_text_before_share":"","sfsi_plus_gutenberg_show_text_before_share":"","sfsi_plus_gutenberg_icon_type":"","sfsi_plus_gutenberg_icon_alignemt":"","sfsi_plus_gutenburg_max_per_row":"","footnotes":""},"categories":[12],"tags":[],"class_list":["post-147092","post","type-post","status-publish","format-standard","has-post-thumbnail","hentry","category-policia"],"_links":{"self":[{"href":"https:\/\/www.caririemacao.com\/1\/wp-json\/wp\/v2\/posts\/147092","targetHints":{"allow":["GET"]}}],"collection":[{"href":"https:\/\/www.caririemacao.com\/1\/wp-json\/wp\/v2\/posts"}],"about":[{"href":"https:\/\/www.caririemacao.com\/1\/wp-json\/wp\/v2\/types\/post"}],"author":[{"embeddable":true,"href":"https:\/\/www.caririemacao.com\/1\/wp-json\/wp\/v2\/users\/1"}],"replies":[{"embeddable":true,"href":"https:\/\/www.caririemacao.com\/1\/wp-json\/wp\/v2\/comments?post=147092"}],"version-history":[{"count":2,"href":"https:\/\/www.caririemacao.com\/1\/wp-json\/wp\/v2\/posts\/147092\/revisions"}],"predecessor-version":[{"id":147099,"href":"https:\/\/www.caririemacao.com\/1\/wp-json\/wp\/v2\/posts\/147092\/revisions\/147099"}],"wp:featuredmedia":[{"embeddable":true,"href":"https:\/\/www.caririemacao.com\/1\/wp-json\/wp\/v2\/media\/147095"}],"wp:attachment":[{"href":"https:\/\/www.caririemacao.com\/1\/wp-json\/wp\/v2\/media?parent=147092"}],"wp:term":[{"taxonomy":"category","embeddable":true,"href":"https:\/\/www.caririemacao.com\/1\/wp-json\/wp\/v2\/categories?post=147092"},{"taxonomy":"post_tag","embeddable":true,"href":"https:\/\/www.caririemacao.com\/1\/wp-json\/wp\/v2\/tags?post=147092"}],"curies":[{"name":"wp","href":"https:\/\/api.w.org\/{rel}","templated":true}]}}