{"id":147106,"date":"2020-01-17T10:52:08","date_gmt":"2020-01-17T13:52:08","guid":{"rendered":"http:\/\/www.caririemacao.com\/1\/?p=147106"},"modified":"2020-01-17T10:52:08","modified_gmt":"2020-01-17T13:52:08","slug":"nascimento-filho-e-rogerio-lima-abrem-festa-de-sao-sebastiao-em-amparo","status":"publish","type":"post","link":"https:\/\/www.caririemacao.com\/1\/2020\/01\/17\/nascimento-filho-e-rogerio-lima-abrem-festa-de-sao-sebastiao-em-amparo\/","title":{"rendered":"Nascimento Filho e Rog\u00e9rio Lima abrem Festa de S\u00e3o Sebasti\u00e3o em Amparo"},"content":{"rendered":"\n<p>Uma das festas mais tradicionais do Cariri paraibano foi iniciada nesta quinta-feira (16), Nascimento Filho e Rog\u00e9rio Lima, foram as primeiras atra\u00e7\u00f5es da Festa de S\u00e3o Sebasti\u00e3o em Amparo.<\/p>\n\n\n\n<p>Uma grande estrutura foi montada pela equipe do prefeito In\u00e1cio N\u00f3brega, para receber com seguran\u00e7a \u00e0 popula\u00e7\u00e3o do munic\u00edpio e das cidades vizinhas.<\/p>\n\n\n\n<div class=\"wp-block-image\"><figure class=\"aligncenter\"><a href=\"http:\/\/noticiasemdestaque.com\/cd\/wp-content\/uploads\/2020\/01\/ok-2.jpg\"><img decoding=\"async\" data-src=\"http:\/\/noticiasemdestaque.com\/cd\/wp-content\/uploads\/2020\/01\/ok-2.jpg\" alt=\"\" class=\"wp-image-22058 lazyload\" src=\"data:image\/svg+xml;base64,PHN2ZyB3aWR0aD0iMSIgaGVpZ2h0PSIxIiB4bWxucz0iaHR0cDovL3d3dy53My5vcmcvMjAwMC9zdmciPjwvc3ZnPg==\" \/><\/a><\/figure><\/div>\n\n\n\n<p>Nesta sexta-feira dia 17, se apresentar\u00e3o Anderson Rocha\/Forr\u00f3 do Tch\u00ea e Gil Mendes. No s\u00e1bado dia 18 ser\u00e3o atra\u00e7\u00f5es: JM Puxado, Conde do Forr\u00f3 e Pedrinho Pega\u00e7\u00e3o.<\/p>\n\n\n\n<p><strong><em>Not\u00edcias em Destaque<\/em><\/strong><\/p>\n","protected":false},"excerpt":{"rendered":"<p>Uma das festas mais tradicionais do Cariri paraibano foi iniciada nesta quinta-feira (16), Nascimento Filho e Rog\u00e9rio Lima, foram as primeiras atra\u00e7\u00f5es da Festa de&hellip; <\/p>\n","protected":false},"author":1,"featured_media":147110,"comment_status":"closed","ping_status":"closed","sticky":false,"template":"","format":"standard","meta":{"sfsi_plus_gutenberg_text_before_share":"","sfsi_plus_gutenberg_show_text_before_share":"","sfsi_plus_gutenberg_icon_type":"","sfsi_plus_gutenberg_icon_alignemt":"","sfsi_plus_gutenburg_max_per_row":"","footnotes":""},"categories":[6],"tags":[],"class_list":["post-147106","post","type-post","status-publish","format-standard","has-post-thumbnail","hentry","category-cidades"],"_links":{"self":[{"href":"https:\/\/www.caririemacao.com\/1\/wp-json\/wp\/v2\/posts\/147106","targetHints":{"allow":["GET"]}}],"collection":[{"href":"https:\/\/www.caririemacao.com\/1\/wp-json\/wp\/v2\/posts"}],"about":[{"href":"https:\/\/www.caririemacao.com\/1\/wp-json\/wp\/v2\/types\/post"}],"author":[{"embeddable":true,"href":"https:\/\/www.caririemacao.com\/1\/wp-json\/wp\/v2\/users\/1"}],"replies":[{"embeddable":true,"href":"https:\/\/www.caririemacao.com\/1\/wp-json\/wp\/v2\/comments?post=147106"}],"version-history":[{"count":1,"href":"https:\/\/www.caririemacao.com\/1\/wp-json\/wp\/v2\/posts\/147106\/revisions"}],"predecessor-version":[{"id":147111,"href":"https:\/\/www.caririemacao.com\/1\/wp-json\/wp\/v2\/posts\/147106\/revisions\/147111"}],"wp:featuredmedia":[{"embeddable":true,"href":"https:\/\/www.caririemacao.com\/1\/wp-json\/wp\/v2\/media\/147110"}],"wp:attachment":[{"href":"https:\/\/www.caririemacao.com\/1\/wp-json\/wp\/v2\/media?parent=147106"}],"wp:term":[{"taxonomy":"category","embeddable":true,"href":"https:\/\/www.caririemacao.com\/1\/wp-json\/wp\/v2\/categories?post=147106"},{"taxonomy":"post_tag","embeddable":true,"href":"https:\/\/www.caririemacao.com\/1\/wp-json\/wp\/v2\/tags?post=147106"}],"curies":[{"name":"wp","href":"https:\/\/api.w.org\/{rel}","templated":true}]}}