{"id":147119,"date":"2020-01-17T10:59:24","date_gmt":"2020-01-17T13:59:24","guid":{"rendered":"http:\/\/www.caririemacao.com\/1\/?p=147119"},"modified":"2020-01-17T10:59:24","modified_gmt":"2020-01-17T13:59:24","slug":"ex-senador-ney-suassuna-se-defende-de-acusacoes-da-calvario-quem-nao-deve-nao-teme","status":"publish","type":"post","link":"https:\/\/www.caririemacao.com\/1\/2020\/01\/17\/ex-senador-ney-suassuna-se-defende-de-acusacoes-da-calvario-quem-nao-deve-nao-teme\/","title":{"rendered":"Ex-senador Ney Suassuna se defende de acusa\u00e7\u00f5es da Calv\u00e1rio: &#8220;Quem n\u00e3o deve n\u00e3o teme&#8221;"},"content":{"rendered":"\n<p>O ex-senador Ney Suassuna divulgou em seu Instagram um v\u00eddeo no qual se defende das acusa\u00e7\u00f5es envolvendo seu nome na Opera\u00e7\u00e3o Calv\u00e1rio. &#8220;Quem n\u00e3o deve n\u00e3o teme&#8221;, escreveu Suassuna na legenda do v\u00eddeo. Essa tamb\u00e9m \u00e9 a fala com a qual ele inicia a grava\u00e7\u00e3o.<\/p>\n\n\n\n<p>No v\u00eddeo, o ex-senador l\u00ea um texto no qual se diz v\u00edtima de injusti\u00e7a. &#8220;Durante um momento de caos no Hospital de Trauma, o governador me pediu um conselho e eu dei&#8221;, contou ele, confirmando que foi o respons\u00e1vel por apresentar Daniel Gomes, da Cruz Vermelha, ao ex-governador Ricardo Coutinho.&nbsp;<\/p>\n\n\n\n<p>Ney Suassuna disse que estava sendo acusado &#8220;pelo fato de ter apresentado um empres\u00e1rio, que hoje eu sei ser um bandido, ao homem que eu pensava que lutava pela Para\u00edba e n\u00e3o pelo seu mandato&#8221;, mas argumenta que n\u00e3o pode ser responsabilizado pelas liga\u00e7\u00f5es que se formaram entre os dois a partir da\u00ed.<\/p>\n\n\n\n<p>&#8220;A justi\u00e7a protege a todos, inclusive a mim, den\u00fancia falsa, dela\u00e7\u00e3o premiada falsa, cal\u00fania, difama\u00e7\u00e3o, tudo isso s\u00e3o crimes. No momento certo tamb\u00e9m vou exigir justi\u00e7a&#8221;, disse.<\/p>\n\n\n\n<p>As investiga\u00e7\u00f5es da Opera\u00e7\u00e3o Calv\u00e1rio apontam que Ney Suassuna teria recebido uma mesada de R$ 40 mil e mais uma quantia referente a loca\u00e7\u00e3o fantasiosa de 10 im\u00f3veis por ter intermediado o encontro entre Ricardo Coutinho e Daniel Gomes.<\/p>\n\n\n\n<figure><iframe data-src=\"https:\/\/www.youtube.com\/embed\/QZ-hJH7ZVVE\" allowfullscreen=\"\" width=\"560\" height=\"315\" src=\"data:image\/svg+xml;base64,PHN2ZyB3aWR0aD0iMSIgaGVpZ2h0PSIxIiB4bWxucz0iaHR0cDovL3d3dy53My5vcmcvMjAwMC9zdmciPjwvc3ZnPg==\" class=\"lazyload\" data-load-mode=\"1\"><\/iframe><\/figure>\n","protected":false},"excerpt":{"rendered":"<p>O ex-senador Ney Suassuna divulgou em seu Instagram um v\u00eddeo no qual se defende das acusa\u00e7\u00f5es envolvendo seu nome na Opera\u00e7\u00e3o Calv\u00e1rio. &#8220;Quem n\u00e3o deve&hellip; <\/p>\n","protected":false},"author":1,"featured_media":147120,"comment_status":"closed","ping_status":"closed","sticky":false,"template":"","format":"standard","meta":{"sfsi_plus_gutenberg_text_before_share":"","sfsi_plus_gutenberg_show_text_before_share":"","sfsi_plus_gutenberg_icon_type":"","sfsi_plus_gutenberg_icon_alignemt":"","sfsi_plus_gutenburg_max_per_row":"","footnotes":""},"categories":[11],"tags":[],"class_list":["post-147119","post","type-post","status-publish","format-standard","has-post-thumbnail","hentry","category-politica"],"_links":{"self":[{"href":"https:\/\/www.caririemacao.com\/1\/wp-json\/wp\/v2\/posts\/147119","targetHints":{"allow":["GET"]}}],"collection":[{"href":"https:\/\/www.caririemacao.com\/1\/wp-json\/wp\/v2\/posts"}],"about":[{"href":"https:\/\/www.caririemacao.com\/1\/wp-json\/wp\/v2\/types\/post"}],"author":[{"embeddable":true,"href":"https:\/\/www.caririemacao.com\/1\/wp-json\/wp\/v2\/users\/1"}],"replies":[{"embeddable":true,"href":"https:\/\/www.caririemacao.com\/1\/wp-json\/wp\/v2\/comments?post=147119"}],"version-history":[{"count":1,"href":"https:\/\/www.caririemacao.com\/1\/wp-json\/wp\/v2\/posts\/147119\/revisions"}],"predecessor-version":[{"id":147121,"href":"https:\/\/www.caririemacao.com\/1\/wp-json\/wp\/v2\/posts\/147119\/revisions\/147121"}],"wp:featuredmedia":[{"embeddable":true,"href":"https:\/\/www.caririemacao.com\/1\/wp-json\/wp\/v2\/media\/147120"}],"wp:attachment":[{"href":"https:\/\/www.caririemacao.com\/1\/wp-json\/wp\/v2\/media?parent=147119"}],"wp:term":[{"taxonomy":"category","embeddable":true,"href":"https:\/\/www.caririemacao.com\/1\/wp-json\/wp\/v2\/categories?post=147119"},{"taxonomy":"post_tag","embeddable":true,"href":"https:\/\/www.caririemacao.com\/1\/wp-json\/wp\/v2\/tags?post=147119"}],"curies":[{"name":"wp","href":"https:\/\/api.w.org\/{rel}","templated":true}]}}