{"id":147128,"date":"2020-01-17T11:05:24","date_gmt":"2020-01-17T14:05:24","guid":{"rendered":"http:\/\/www.caririemacao.com\/1\/?p=147128"},"modified":"2020-01-17T11:05:24","modified_gmt":"2020-01-17T14:05:24","slug":"folha-de-sao-paulo-repercute-possivel-filiacao-de-joao-azevedo-ao-pdt-objetivo-da-sigla-e-reduzir-o-pt-no-nordeste","status":"publish","type":"post","link":"https:\/\/www.caririemacao.com\/1\/2020\/01\/17\/folha-de-sao-paulo-repercute-possivel-filiacao-de-joao-azevedo-ao-pdt-objetivo-da-sigla-e-reduzir-o-pt-no-nordeste\/","title":{"rendered":"Folha de S\u00e3o Paulo repercute poss\u00edvel filia\u00e7\u00e3o de Jo\u00e3o Azev\u00eado ao PDT; objetivo da sigla \u00e9 reduzir o PT no Nordeste"},"content":{"rendered":"\n<p>O jornal Folha de S\u00e3o Paulo trouxe na sua edi\u00e7\u00e3o desta sexta-feira (17) uma poss\u00edvel uni\u00e3o de for\u00e7as do PDT e DEM para reduzir a presen\u00e7a do PT no Nordeste e v\u00e3o aproveitar as elei\u00e7\u00f5es 2020 para alcan\u00e7ar esse objetivo.<\/p>\n\n\n\n<p>A articula\u00e7\u00e3o, segundo o jornal, \u00e9 comandada pelos diret\u00f3rios nacionais dos partidos e possui o aval do presidente da C\u00e2mara, Rodrigo Maia (DEM-RJ), e do ex-governador do Cear\u00e1 Ciro Gomes (PDT), presidenci\u00e1vel derrotado na elei\u00e7\u00e3o de 2018.<\/p>\n\n\n\n<p>H\u00e1 a expectativa de que as parcerias possam se estender para capitais da regi\u00e3o como Jo\u00e3o Pessoa, Aracaju e Natal e foi o PDT que iniciou uma ofensiva para atrair para seus quadros dois prefeitos que v\u00e3o disputar a reelei\u00e7\u00e3o e um governador que \u00e9 Jo\u00e3o Azev\u00eado. Sua vice-governadora, L\u00edgia Feliciano \u00e9 do PDT de Ciro Gomes.<\/p>\n\n\n\n<p><strong>Confira o trecho da mat\u00e9ria que destacou Jo\u00e3o Azevedo:<\/strong><\/p>\n\n\n\n<p>A segunda cartada dos pedetistas ser\u00e1 atrair para seus quadros o governador da Para\u00edba Jo\u00e3o Azev\u00eado, que rompeu com o seu padrinho pol\u00edtico, o ex-governador Ricardo Coutinho, e pediu desfilia\u00e7\u00e3o do PSB em dezembro.<\/p>\n\n\n\n<p>O DEM, que fez parte da chapa que ajudou a eleger Azev\u00eado, reiterou o seu apoio ao governador e afastou-se do grupo de Coutinho. Este \u00faltimo vive um per\u00edodo turbulento ap\u00f3s ter sido preso e denunciado por suspeitas de corrup\u00e7\u00e3o no \u00e2mbito da opera\u00e7\u00e3o Calv\u00e1rio, da Pol\u00edcia Federal.<\/p>\n\n\n\n<p>Confira a mat\u00e9ria completa :&nbsp;<a href=\"https:\/\/www1.folha.uol.com.br\/poder\/2020\/01\/com-aval-de-maia-e-ciro-dem-e-pdt-firmam-aliancas-e-miram-hegemonia-do-pt-no-nordeste.shtml\">Com aval de Maia e Ciro, DEM e PDT firmam alian\u00e7as e miram hegemonia do PT no Nordeste<\/a><\/p>\n\n\n\n<p><em>Blog do Ninja \u2013 Folha de S\u00e3o Paulo&nbsp;<\/em><\/p>\n","protected":false},"excerpt":{"rendered":"<p>O jornal Folha de S\u00e3o Paulo trouxe na sua edi\u00e7\u00e3o desta sexta-feira (17) uma poss\u00edvel uni\u00e3o de for\u00e7as do PDT e DEM para reduzir a&hellip; <\/p>\n","protected":false},"author":1,"featured_media":147131,"comment_status":"closed","ping_status":"closed","sticky":false,"template":"","format":"standard","meta":{"sfsi_plus_gutenberg_text_before_share":"","sfsi_plus_gutenberg_show_text_before_share":"","sfsi_plus_gutenberg_icon_type":"","sfsi_plus_gutenberg_icon_alignemt":"","sfsi_plus_gutenburg_max_per_row":"","footnotes":""},"categories":[50,11],"tags":[],"class_list":["post-147128","post","type-post","status-publish","format-standard","has-post-thumbnail","hentry","category-destaque","category-politica"],"_links":{"self":[{"href":"https:\/\/www.caririemacao.com\/1\/wp-json\/wp\/v2\/posts\/147128","targetHints":{"allow":["GET"]}}],"collection":[{"href":"https:\/\/www.caririemacao.com\/1\/wp-json\/wp\/v2\/posts"}],"about":[{"href":"https:\/\/www.caririemacao.com\/1\/wp-json\/wp\/v2\/types\/post"}],"author":[{"embeddable":true,"href":"https:\/\/www.caririemacao.com\/1\/wp-json\/wp\/v2\/users\/1"}],"replies":[{"embeddable":true,"href":"https:\/\/www.caririemacao.com\/1\/wp-json\/wp\/v2\/comments?post=147128"}],"version-history":[{"count":1,"href":"https:\/\/www.caririemacao.com\/1\/wp-json\/wp\/v2\/posts\/147128\/revisions"}],"predecessor-version":[{"id":147132,"href":"https:\/\/www.caririemacao.com\/1\/wp-json\/wp\/v2\/posts\/147128\/revisions\/147132"}],"wp:featuredmedia":[{"embeddable":true,"href":"https:\/\/www.caririemacao.com\/1\/wp-json\/wp\/v2\/media\/147131"}],"wp:attachment":[{"href":"https:\/\/www.caririemacao.com\/1\/wp-json\/wp\/v2\/media?parent=147128"}],"wp:term":[{"taxonomy":"category","embeddable":true,"href":"https:\/\/www.caririemacao.com\/1\/wp-json\/wp\/v2\/categories?post=147128"},{"taxonomy":"post_tag","embeddable":true,"href":"https:\/\/www.caririemacao.com\/1\/wp-json\/wp\/v2\/tags?post=147128"}],"curies":[{"name":"wp","href":"https:\/\/api.w.org\/{rel}","templated":true}]}}