{"id":147138,"date":"2020-01-17T14:20:33","date_gmt":"2020-01-17T17:20:33","guid":{"rendered":"http:\/\/www.caririemacao.com\/1\/?p=147138"},"modified":"2020-01-17T14:20:33","modified_gmt":"2020-01-17T17:20:33","slug":"prefeito-de-sao-joao-do-tigre-anuncia-implantacao-de-85-cisternas-de-placa-no-municipio","status":"publish","type":"post","link":"https:\/\/www.caririemacao.com\/1\/2020\/01\/17\/prefeito-de-sao-joao-do-tigre-anuncia-implantacao-de-85-cisternas-de-placa-no-municipio\/","title":{"rendered":"Prefeito de S\u00e3o Jo\u00e3o do Tigre anuncia implanta\u00e7\u00e3o de 85 cisternas de placa no munic\u00edpio"},"content":{"rendered":"\n<p>Os prefeitos que comp\u00f5em o CISCO- CONSORCIO INTERMUNICIPAL DE SA\u00daDE DO CARIRI OCIDENTAL se reuniram para discutir o convenio com o qual foram contemplados neste in\u00edcio de ano atrav\u00e9s do Minist\u00e9rio da Cidadania.<\/p>\n\n\n\n<p><br>O CONV\u00caNIO PLATAFORMA+BRASIL\u00a0\u00a0vai viabilizar a constru\u00e7\u00e3o de cisternas de placas nos munic\u00edpios contemplados com um valor total de investimento de R$ 4.011.599,91.<\/p>\n\n\n\n<p><br>O Projeto visa \u00e0 dota\u00e7\u00e3o de infraestrutura h\u00eddrica para consumo humano atrav\u00e9s da constru\u00e7\u00e3o de cisternas de placas universalizando o acesso, gerenciamento e a valoriza\u00e7\u00e3o da \u00e1gua como um direito essencial da vida e da cidadania.<\/p>\n\n\n\n<p><br>Ser\u00e3o implementadas mais 1.079 cisternas em todo o Cariri, das quais a cidade de S\u00e3o Jo\u00e3o do Tigre ser\u00e1 contemplada com a constru\u00e7\u00e3o de 85 cisternas.<\/p>\n\n\n\n<p><br>\u201c\u00c9 mais uma conquista que visa dar uma qualidade de vida melhor aos moradores de S\u00e3o Jo\u00e3o do Tigre. J\u00e1 come\u00e7amos o ano desta forma, mostrando a disposi\u00e7\u00e3o de trabalhar para uma condi\u00e7\u00e3o de vida cada vez melhor para a popula\u00e7\u00e3o tigrense\u201d, afirmou o prefeito C\u00e9lio Barbosa ap\u00f3s participar da reuni\u00e3o do CISCO.<\/p>\n\n\n\n<p><br>F\u00c1BIO BRITO<\/p>\n","protected":false},"excerpt":{"rendered":"<p>Os prefeitos que comp\u00f5em o CISCO- CONSORCIO INTERMUNICIPAL DE SA\u00daDE DO CARIRI OCIDENTAL se reuniram para discutir o convenio com o qual foram contemplados neste&hellip; <\/p>\n","protected":false},"author":1,"featured_media":147139,"comment_status":"closed","ping_status":"closed","sticky":false,"template":"","format":"standard","meta":{"sfsi_plus_gutenberg_text_before_share":"","sfsi_plus_gutenberg_show_text_before_share":"","sfsi_plus_gutenberg_icon_type":"","sfsi_plus_gutenberg_icon_alignemt":"","sfsi_plus_gutenburg_max_per_row":"","footnotes":""},"categories":[6],"tags":[],"class_list":["post-147138","post","type-post","status-publish","format-standard","has-post-thumbnail","hentry","category-cidades"],"_links":{"self":[{"href":"https:\/\/www.caririemacao.com\/1\/wp-json\/wp\/v2\/posts\/147138","targetHints":{"allow":["GET"]}}],"collection":[{"href":"https:\/\/www.caririemacao.com\/1\/wp-json\/wp\/v2\/posts"}],"about":[{"href":"https:\/\/www.caririemacao.com\/1\/wp-json\/wp\/v2\/types\/post"}],"author":[{"embeddable":true,"href":"https:\/\/www.caririemacao.com\/1\/wp-json\/wp\/v2\/users\/1"}],"replies":[{"embeddable":true,"href":"https:\/\/www.caririemacao.com\/1\/wp-json\/wp\/v2\/comments?post=147138"}],"version-history":[{"count":1,"href":"https:\/\/www.caririemacao.com\/1\/wp-json\/wp\/v2\/posts\/147138\/revisions"}],"predecessor-version":[{"id":147140,"href":"https:\/\/www.caririemacao.com\/1\/wp-json\/wp\/v2\/posts\/147138\/revisions\/147140"}],"wp:featuredmedia":[{"embeddable":true,"href":"https:\/\/www.caririemacao.com\/1\/wp-json\/wp\/v2\/media\/147139"}],"wp:attachment":[{"href":"https:\/\/www.caririemacao.com\/1\/wp-json\/wp\/v2\/media?parent=147138"}],"wp:term":[{"taxonomy":"category","embeddable":true,"href":"https:\/\/www.caririemacao.com\/1\/wp-json\/wp\/v2\/categories?post=147138"},{"taxonomy":"post_tag","embeddable":true,"href":"https:\/\/www.caririemacao.com\/1\/wp-json\/wp\/v2\/tags?post=147138"}],"curies":[{"name":"wp","href":"https:\/\/api.w.org\/{rel}","templated":true}]}}