{"id":147144,"date":"2020-01-17T14:22:03","date_gmt":"2020-01-17T17:22:03","guid":{"rendered":"http:\/\/www.caririemacao.com\/1\/?p=147144"},"modified":"2020-01-17T14:22:03","modified_gmt":"2020-01-17T17:22:03","slug":"festa-do-padroeiro-em-sao-sebastiao-do-umbuzeiro-tera-noite-dedicada-aos-casais-nesta-sexta","status":"publish","type":"post","link":"https:\/\/www.caririemacao.com\/1\/2020\/01\/17\/festa-do-padroeiro-em-sao-sebastiao-do-umbuzeiro-tera-noite-dedicada-aos-casais-nesta-sexta\/","title":{"rendered":"Festa do Padroeiro em S\u00e3o Sebasti\u00e3o do Umbuzeiro ter\u00e1 Noite Dedicada aos Casais nesta sexta"},"content":{"rendered":"\n<p>A festa do padroeiro S\u00e3o Sebasti\u00e3o do Umbuzeiro, em sua 108\u00aa edi\u00e7\u00e3o, chega nesta sexta feira, 17, \u00e0 sua 07\u00aa noite de atra\u00e7\u00f5es na parte social.<\/p>\n\n\n\n<p><br>Hoje, as atra\u00e7\u00f5es na Pra\u00e7a de Eventos ficam por conta de Claudenir Fernandes, e a jovem Eduarda Brasil.\u00a0Eduarda foi campe\u00e3 do concurso THE VOICE KIDS da Rede Globo de Televis\u00e3o.<\/p>\n\n\n\n<p><br>Antes das atra\u00e7\u00f5es subirem ao palco, ainda haver\u00e1 celebra\u00e7\u00e3o da Santa Missa em dedica\u00e7\u00e3o aos casais.<\/p>\n\n\n\n<p><br>A missa ser\u00e1 celebrada pelo Monsenhor Ant\u00f4nio Apolin\u00e1rio Batista de Campina Grande.<br>Os noiteiros de hoje s\u00e3o a fam\u00edlia Costa.<\/p>\n","protected":false},"excerpt":{"rendered":"<p>A festa do padroeiro S\u00e3o Sebasti\u00e3o do Umbuzeiro, em sua 108\u00aa edi\u00e7\u00e3o, chega nesta sexta feira, 17, \u00e0 sua 07\u00aa noite de atra\u00e7\u00f5es na parte&hellip; <\/p>\n","protected":false},"author":1,"featured_media":147149,"comment_status":"closed","ping_status":"closed","sticky":false,"template":"","format":"standard","meta":{"sfsi_plus_gutenberg_text_before_share":"","sfsi_plus_gutenberg_show_text_before_share":"","sfsi_plus_gutenberg_icon_type":"","sfsi_plus_gutenberg_icon_alignemt":"","sfsi_plus_gutenburg_max_per_row":"","footnotes":""},"categories":[6],"tags":[],"class_list":["post-147144","post","type-post","status-publish","format-standard","has-post-thumbnail","hentry","category-cidades"],"_links":{"self":[{"href":"https:\/\/www.caririemacao.com\/1\/wp-json\/wp\/v2\/posts\/147144","targetHints":{"allow":["GET"]}}],"collection":[{"href":"https:\/\/www.caririemacao.com\/1\/wp-json\/wp\/v2\/posts"}],"about":[{"href":"https:\/\/www.caririemacao.com\/1\/wp-json\/wp\/v2\/types\/post"}],"author":[{"embeddable":true,"href":"https:\/\/www.caririemacao.com\/1\/wp-json\/wp\/v2\/users\/1"}],"replies":[{"embeddable":true,"href":"https:\/\/www.caririemacao.com\/1\/wp-json\/wp\/v2\/comments?post=147144"}],"version-history":[{"count":1,"href":"https:\/\/www.caririemacao.com\/1\/wp-json\/wp\/v2\/posts\/147144\/revisions"}],"predecessor-version":[{"id":147150,"href":"https:\/\/www.caririemacao.com\/1\/wp-json\/wp\/v2\/posts\/147144\/revisions\/147150"}],"wp:featuredmedia":[{"embeddable":true,"href":"https:\/\/www.caririemacao.com\/1\/wp-json\/wp\/v2\/media\/147149"}],"wp:attachment":[{"href":"https:\/\/www.caririemacao.com\/1\/wp-json\/wp\/v2\/media?parent=147144"}],"wp:term":[{"taxonomy":"category","embeddable":true,"href":"https:\/\/www.caririemacao.com\/1\/wp-json\/wp\/v2\/categories?post=147144"},{"taxonomy":"post_tag","embeddable":true,"href":"https:\/\/www.caririemacao.com\/1\/wp-json\/wp\/v2\/tags?post=147144"}],"curies":[{"name":"wp","href":"https:\/\/api.w.org\/{rel}","templated":true}]}}