{"id":147164,"date":"2020-01-17T14:28:56","date_gmt":"2020-01-17T17:28:56","guid":{"rendered":"http:\/\/www.caririemacao.com\/1\/?p=147164"},"modified":"2020-01-17T14:28:56","modified_gmt":"2020-01-17T17:28:56","slug":"bolsonaro-demite-secretario-de-cultura-por-citacao-nazista-diz-jornal","status":"publish","type":"post","link":"https:\/\/www.caririemacao.com\/1\/2020\/01\/17\/bolsonaro-demite-secretario-de-cultura-por-citacao-nazista-diz-jornal\/","title":{"rendered":"Bolsonaro demite secret\u00e1rio de Cultura por cita\u00e7\u00e3o nazista, diz jornal"},"content":{"rendered":"\n<p>O presidente Jair Bolsonaro decidiu demitir o secret\u00e1rio de Cultura, Roberto Alvim, ap\u00f3s divulgar nas redes sociais um v\u00eddeo com refer\u00eancias nazistas. O ministro do Turismo, Marcelo \u00c1lvaro Ant\u00f4nio, j\u00e1 foi comunicado da decis\u00e3o. A informa\u00e7\u00e3o \u00e9 do Estado de S. Paulo.<\/p>\n\n\n\n<p>O v\u00eddeo foi publicado no perfil oficial da Secretaria Especial de Cultura para anunciar o Pr\u00eamio Nacional das Artes, projeto com valor total de R$ 20 milh\u00f5es. No discurso de Alvim, ele afirma que \u201cA arte brasileira da pr\u00f3xima d\u00e9cada ser\u00e1 her\u00f3ica e nacional. Ser\u00e1 dotada de grande capacidade de envolvimento emocional e ser\u00e1 igualmente imperativa, posto que profundamente vinculada \u00e0s aspira\u00e7\u00f5es urgentes de nosso povo, ou ent\u00e3o n\u00e3o ser\u00e1 nada\u201d.<\/p>\n\n\n\n<p>No discurso original de Goebbels, segundo o livro \u201cGoebbels: a Biography\u201d, de Peter Longerich, o l\u00edder nazista afirmou: \u201cA arte alem\u00e3 da pr\u00f3xima d\u00e9cada ser\u00e1 heroica, ser\u00e1 ferreamente rom\u00e2ntica, ser\u00e1 objetiva e livre de sentimentalismo, ser\u00e1 nacional com grande p\u00e1thos e igualmente imperativa e vinculante, ou ent\u00e3o n\u00e3o ser\u00e1 nada\u201d<\/p>\n\n\n\n<p>Al\u00e9m do trecho copiado do discurso de Goebbels, outra refer\u00eancia ao regime de Adolf Hitler \u00e9 a trilha sonora do pronunciamento: a \u00f3pera \u201cLohengrin\u201d, de Richard Wagner. O compositor alem\u00e3o era celebrado pelo l\u00edder nazista e teve grande influ\u00eancia em sua forma\u00e7\u00e3o ideol\u00f3gica.<\/p>\n\n\n\n<p><strong>MaisPB com informa\u00e7\u00f5es do Estad\u00e3o&nbsp;<\/strong><\/p>\n","protected":false},"excerpt":{"rendered":"<p>O presidente Jair Bolsonaro decidiu demitir o secret\u00e1rio de Cultura, Roberto Alvim, ap\u00f3s divulgar nas redes sociais um v\u00eddeo com refer\u00eancias nazistas. O ministro do&hellip; <\/p>\n","protected":false},"author":1,"featured_media":147166,"comment_status":"closed","ping_status":"closed","sticky":false,"template":"","format":"standard","meta":{"sfsi_plus_gutenberg_text_before_share":"","sfsi_plus_gutenberg_show_text_before_share":"","sfsi_plus_gutenberg_icon_type":"","sfsi_plus_gutenberg_icon_alignemt":"","sfsi_plus_gutenburg_max_per_row":"","footnotes":""},"categories":[2],"tags":[],"class_list":["post-147164","post","type-post","status-publish","format-standard","has-post-thumbnail","hentry","category-geral"],"_links":{"self":[{"href":"https:\/\/www.caririemacao.com\/1\/wp-json\/wp\/v2\/posts\/147164","targetHints":{"allow":["GET"]}}],"collection":[{"href":"https:\/\/www.caririemacao.com\/1\/wp-json\/wp\/v2\/posts"}],"about":[{"href":"https:\/\/www.caririemacao.com\/1\/wp-json\/wp\/v2\/types\/post"}],"author":[{"embeddable":true,"href":"https:\/\/www.caririemacao.com\/1\/wp-json\/wp\/v2\/users\/1"}],"replies":[{"embeddable":true,"href":"https:\/\/www.caririemacao.com\/1\/wp-json\/wp\/v2\/comments?post=147164"}],"version-history":[{"count":1,"href":"https:\/\/www.caririemacao.com\/1\/wp-json\/wp\/v2\/posts\/147164\/revisions"}],"predecessor-version":[{"id":147167,"href":"https:\/\/www.caririemacao.com\/1\/wp-json\/wp\/v2\/posts\/147164\/revisions\/147167"}],"wp:featuredmedia":[{"embeddable":true,"href":"https:\/\/www.caririemacao.com\/1\/wp-json\/wp\/v2\/media\/147166"}],"wp:attachment":[{"href":"https:\/\/www.caririemacao.com\/1\/wp-json\/wp\/v2\/media?parent=147164"}],"wp:term":[{"taxonomy":"category","embeddable":true,"href":"https:\/\/www.caririemacao.com\/1\/wp-json\/wp\/v2\/categories?post=147164"},{"taxonomy":"post_tag","embeddable":true,"href":"https:\/\/www.caririemacao.com\/1\/wp-json\/wp\/v2\/tags?post=147164"}],"curies":[{"name":"wp","href":"https:\/\/api.w.org\/{rel}","templated":true}]}}