{"id":147169,"date":"2020-01-17T14:31:28","date_gmt":"2020-01-17T17:31:28","guid":{"rendered":"http:\/\/www.caririemacao.com\/1\/?p=147169"},"modified":"2020-01-17T14:31:28","modified_gmt":"2020-01-17T17:31:28","slug":"ivan-burity-revela-que-entregou-mala-de-dinheiro-a-efraim-filho-em-apartamento-funcional-do-deputado","status":"publish","type":"post","link":"https:\/\/www.caririemacao.com\/1\/2020\/01\/17\/ivan-burity-revela-que-entregou-mala-de-dinheiro-a-efraim-filho-em-apartamento-funcional-do-deputado\/","title":{"rendered":"Ivan Burity revela que entregou mala de dinheiro a Efraim Filho em apartamento funcional do deputado"},"content":{"rendered":"\n<p>A coluna Radar, da revista Veja, mostrou um trecho da dela\u00e7\u00e3o premiada de Ivan Burity em que o delator revela que entregou a Efraim Filho uma mala com R$ 2 milh\u00f5es no&nbsp;apartamento funcional do deputado e l\u00edder do DEM na C\u00e2mara Federal, em Bras\u00edlia. A revela\u00e7\u00e3o foi publicada nesta sexta-feira (17).<\/p>\n\n\n\n<p>A dela\u00e7\u00e3o foi feita no \u00e2mbito da Opera\u00e7\u00e3o Calv\u00e1rio, que investiga desvios de recursos da Educa\u00e7\u00e3o e Sa\u00fade da Para\u00edba.<\/p>\n\n\n\n<p>O dinheiro que Ivan Burity diz ter sido entregue a Efraim Filho teria sido pago pela Via Engenharia, uma das empreiteiras envolvidas no cons\u00f3rcio de obras da Transposi\u00e7\u00e3o do Rio S\u00e3o Francisco.<\/p>\n\n\n\n<p>Segundo Ivan Burity, o valor recebido por Efraim Filho foi para que ele apoiasse a reelei\u00e7\u00e3o de Ricardo Coutinho, em 2014, para o cargo de governador. Efraim Filho e o DEM integraram a chapa de apoiou o ex-governador que era candidato pelo PSB.<\/p>\n","protected":false},"excerpt":{"rendered":"<p>A coluna Radar, da revista Veja, mostrou um trecho da dela\u00e7\u00e3o premiada de Ivan Burity em que o delator revela que entregou a Efraim Filho&hellip; <\/p>\n","protected":false},"author":1,"featured_media":147172,"comment_status":"closed","ping_status":"closed","sticky":false,"template":"","format":"standard","meta":{"sfsi_plus_gutenberg_text_before_share":"","sfsi_plus_gutenberg_show_text_before_share":"","sfsi_plus_gutenberg_icon_type":"","sfsi_plus_gutenberg_icon_alignemt":"","sfsi_plus_gutenburg_max_per_row":"","footnotes":""},"categories":[2],"tags":[],"class_list":["post-147169","post","type-post","status-publish","format-standard","has-post-thumbnail","hentry","category-geral"],"_links":{"self":[{"href":"https:\/\/www.caririemacao.com\/1\/wp-json\/wp\/v2\/posts\/147169","targetHints":{"allow":["GET"]}}],"collection":[{"href":"https:\/\/www.caririemacao.com\/1\/wp-json\/wp\/v2\/posts"}],"about":[{"href":"https:\/\/www.caririemacao.com\/1\/wp-json\/wp\/v2\/types\/post"}],"author":[{"embeddable":true,"href":"https:\/\/www.caririemacao.com\/1\/wp-json\/wp\/v2\/users\/1"}],"replies":[{"embeddable":true,"href":"https:\/\/www.caririemacao.com\/1\/wp-json\/wp\/v2\/comments?post=147169"}],"version-history":[{"count":1,"href":"https:\/\/www.caririemacao.com\/1\/wp-json\/wp\/v2\/posts\/147169\/revisions"}],"predecessor-version":[{"id":147173,"href":"https:\/\/www.caririemacao.com\/1\/wp-json\/wp\/v2\/posts\/147169\/revisions\/147173"}],"wp:featuredmedia":[{"embeddable":true,"href":"https:\/\/www.caririemacao.com\/1\/wp-json\/wp\/v2\/media\/147172"}],"wp:attachment":[{"href":"https:\/\/www.caririemacao.com\/1\/wp-json\/wp\/v2\/media?parent=147169"}],"wp:term":[{"taxonomy":"category","embeddable":true,"href":"https:\/\/www.caririemacao.com\/1\/wp-json\/wp\/v2\/categories?post=147169"},{"taxonomy":"post_tag","embeddable":true,"href":"https:\/\/www.caririemacao.com\/1\/wp-json\/wp\/v2\/tags?post=147169"}],"curies":[{"name":"wp","href":"https:\/\/api.w.org\/{rel}","templated":true}]}}