{"id":147176,"date":"2020-01-17T14:33:50","date_gmt":"2020-01-17T17:33:50","guid":{"rendered":"http:\/\/www.caririemacao.com\/1\/?p=147176"},"modified":"2020-01-17T14:33:50","modified_gmt":"2020-01-17T17:33:50","slug":"governador-exonera-esposa-de-presidente-do-tce-pb-citada-em-delacao-na-operacao-calvario","status":"publish","type":"post","link":"https:\/\/www.caririemacao.com\/1\/2020\/01\/17\/governador-exonera-esposa-de-presidente-do-tce-pb-citada-em-delacao-na-operacao-calvario\/","title":{"rendered":"Governador exonera esposa de presidente do TCE-PB, citada em dela\u00e7\u00e3o na Opera\u00e7\u00e3o Calv\u00e1rio"},"content":{"rendered":"\n<p>A edi\u00e7\u00e3o desta sexta-feira (17) do Di\u00e1rio Oficial do Estado da Para\u00edba trouxe a exonera\u00e7\u00e3o da esposa do presidente do Tribunal de Contas do Estado da Para\u00edba (TCE-PB). Georgiana Maria Pinheiro Cruz foi exonerada do cargo em comiss\u00e3o de Assistente T\u00e9cnico III.<\/p>\n\n\n\n<p>Ela estava lotada na Secretaria do Planejamento, Or\u00e7amento e Gest\u00e3o. Georgiana \u00e9 esposa do presidente do TCE-PB, conselheiro Arn\u00f3bio Viana.<\/p>\n\n\n\n<p>A exonera\u00e7\u00e3o acontece pouco depois de recentes vazamentos da dela\u00e7\u00e3o premiada da ex-secret\u00e1ria Liv\u00e2nia Farias. A delatora apontou a participa\u00e7\u00e3o de Georgiana em um suposto esquema de negocia\u00e7\u00e3o para facilitar aprova\u00e7\u00e3o de contas na Corte de Contas do Estado.<\/p>\n\n\n\n<figure class=\"wp-block-image\"><img decoding=\"async\" data-src=\"https:\/\/www.clickpb.com.br\/media\/filer_public\/c9\/da\/c9da7d62-e8ef-4816-ae8c-9175a5784375\/exoneracao_georgiana.jpg\" alt=\"\" src=\"data:image\/svg+xml;base64,PHN2ZyB3aWR0aD0iMSIgaGVpZ2h0PSIxIiB4bWxucz0iaHR0cDovL3d3dy53My5vcmcvMjAwMC9zdmciPjwvc3ZnPg==\" class=\"lazyload\" \/><\/figure>\n","protected":false},"excerpt":{"rendered":"<p>A edi\u00e7\u00e3o desta sexta-feira (17) do Di\u00e1rio Oficial do Estado da Para\u00edba trouxe a exonera\u00e7\u00e3o da esposa do presidente do Tribunal de Contas do Estado&hellip; <\/p>\n","protected":false},"author":1,"featured_media":147179,"comment_status":"closed","ping_status":"closed","sticky":false,"template":"","format":"standard","meta":{"sfsi_plus_gutenberg_text_before_share":"","sfsi_plus_gutenberg_show_text_before_share":"","sfsi_plus_gutenberg_icon_type":"","sfsi_plus_gutenberg_icon_alignemt":"","sfsi_plus_gutenburg_max_per_row":"","footnotes":""},"categories":[11],"tags":[],"class_list":["post-147176","post","type-post","status-publish","format-standard","has-post-thumbnail","hentry","category-politica"],"_links":{"self":[{"href":"https:\/\/www.caririemacao.com\/1\/wp-json\/wp\/v2\/posts\/147176","targetHints":{"allow":["GET"]}}],"collection":[{"href":"https:\/\/www.caririemacao.com\/1\/wp-json\/wp\/v2\/posts"}],"about":[{"href":"https:\/\/www.caririemacao.com\/1\/wp-json\/wp\/v2\/types\/post"}],"author":[{"embeddable":true,"href":"https:\/\/www.caririemacao.com\/1\/wp-json\/wp\/v2\/users\/1"}],"replies":[{"embeddable":true,"href":"https:\/\/www.caririemacao.com\/1\/wp-json\/wp\/v2\/comments?post=147176"}],"version-history":[{"count":1,"href":"https:\/\/www.caririemacao.com\/1\/wp-json\/wp\/v2\/posts\/147176\/revisions"}],"predecessor-version":[{"id":147180,"href":"https:\/\/www.caririemacao.com\/1\/wp-json\/wp\/v2\/posts\/147176\/revisions\/147180"}],"wp:featuredmedia":[{"embeddable":true,"href":"https:\/\/www.caririemacao.com\/1\/wp-json\/wp\/v2\/media\/147179"}],"wp:attachment":[{"href":"https:\/\/www.caririemacao.com\/1\/wp-json\/wp\/v2\/media?parent=147176"}],"wp:term":[{"taxonomy":"category","embeddable":true,"href":"https:\/\/www.caririemacao.com\/1\/wp-json\/wp\/v2\/categories?post=147176"},{"taxonomy":"post_tag","embeddable":true,"href":"https:\/\/www.caririemacao.com\/1\/wp-json\/wp\/v2\/tags?post=147176"}],"curies":[{"name":"wp","href":"https:\/\/api.w.org\/{rel}","templated":true}]}}