{"id":147189,"date":"2020-01-17T16:34:24","date_gmt":"2020-01-17T19:34:24","guid":{"rendered":"http:\/\/www.caririemacao.com\/1\/?p=147189"},"modified":"2020-01-17T16:34:24","modified_gmt":"2020-01-17T19:34:24","slug":"prefeito-sandro-anuncia-construcao-de-dezenas-de-cisternas-no-municipio","status":"publish","type":"post","link":"https:\/\/www.caririemacao.com\/1\/2020\/01\/17\/prefeito-sandro-anuncia-construcao-de-dezenas-de-cisternas-no-municipio\/","title":{"rendered":"Prefeito Sandro anuncia constru\u00e7\u00e3o de dezenas de cisternas no munic\u00edpio"},"content":{"rendered":"\n<p>O prefeito de Camala\u00fa, Sandro M\u00f4co, informou a reportagem do Cariri em A\u00e7\u00e3o que o munic\u00edpio est\u00e1 sendo contemplado com a constru\u00e7\u00e3o de mais cisternas.<\/p>\n\n\n\n<p>No total, ser\u00e3o constru\u00eddas 65 cisternas atrav\u00e9s de um conv\u00eanio com o CISCO.<br> <\/p>\n","protected":false},"excerpt":{"rendered":"<p>O prefeito de Camala\u00fa, Sandro M\u00f4co, informou a reportagem do Cariri em A\u00e7\u00e3o que o munic\u00edpio est\u00e1 sendo contemplado com a constru\u00e7\u00e3o de mais cisternas.&hellip; <\/p>\n","protected":false},"author":1,"featured_media":61167,"comment_status":"closed","ping_status":"closed","sticky":false,"template":"","format":"standard","meta":{"sfsi_plus_gutenberg_text_before_share":"","sfsi_plus_gutenberg_show_text_before_share":"","sfsi_plus_gutenberg_icon_type":"","sfsi_plus_gutenberg_icon_alignemt":"","sfsi_plus_gutenburg_max_per_row":"","footnotes":""},"categories":[6,50],"tags":[],"class_list":["post-147189","post","type-post","status-publish","format-standard","has-post-thumbnail","hentry","category-cidades","category-destaque"],"_links":{"self":[{"href":"https:\/\/www.caririemacao.com\/1\/wp-json\/wp\/v2\/posts\/147189","targetHints":{"allow":["GET"]}}],"collection":[{"href":"https:\/\/www.caririemacao.com\/1\/wp-json\/wp\/v2\/posts"}],"about":[{"href":"https:\/\/www.caririemacao.com\/1\/wp-json\/wp\/v2\/types\/post"}],"author":[{"embeddable":true,"href":"https:\/\/www.caririemacao.com\/1\/wp-json\/wp\/v2\/users\/1"}],"replies":[{"embeddable":true,"href":"https:\/\/www.caririemacao.com\/1\/wp-json\/wp\/v2\/comments?post=147189"}],"version-history":[{"count":1,"href":"https:\/\/www.caririemacao.com\/1\/wp-json\/wp\/v2\/posts\/147189\/revisions"}],"predecessor-version":[{"id":147190,"href":"https:\/\/www.caririemacao.com\/1\/wp-json\/wp\/v2\/posts\/147189\/revisions\/147190"}],"wp:featuredmedia":[{"embeddable":true,"href":"https:\/\/www.caririemacao.com\/1\/wp-json\/wp\/v2\/media\/61167"}],"wp:attachment":[{"href":"https:\/\/www.caririemacao.com\/1\/wp-json\/wp\/v2\/media?parent=147189"}],"wp:term":[{"taxonomy":"category","embeddable":true,"href":"https:\/\/www.caririemacao.com\/1\/wp-json\/wp\/v2\/categories?post=147189"},{"taxonomy":"post_tag","embeddable":true,"href":"https:\/\/www.caririemacao.com\/1\/wp-json\/wp\/v2\/tags?post=147189"}],"curies":[{"name":"wp","href":"https:\/\/api.w.org\/{rel}","templated":true}]}}