{"id":147196,"date":"2020-01-18T07:46:51","date_gmt":"2020-01-18T10:46:51","guid":{"rendered":"http:\/\/www.caririemacao.com\/1\/?p=147196"},"modified":"2020-01-18T07:46:51","modified_gmt":"2020-01-18T10:46:51","slug":"prefeito-de-camalau-confirma-construcao-de-65-cisternas-de-placa-na-zona-rural-do-municipio","status":"publish","type":"post","link":"https:\/\/www.caririemacao.com\/1\/2020\/01\/18\/prefeito-de-camalau-confirma-construcao-de-65-cisternas-de-placa-na-zona-rural-do-municipio\/","title":{"rendered":"Prefeito de Camala\u00fa confirma constru\u00e7\u00e3o de 65 cisternas de placa na zona rural do munic\u00edpio"},"content":{"rendered":"\n<p> O prefeito de Camala\u00fa Sandro M\u00f4co, confirmou que Camala\u00fa tamb\u00e9m vai ser contemplada com o convenio do Minist\u00e9rio da Cidadania que vai implementar mais 1.079 cisternas de placa em toda a regi\u00e3o.<br>O CONV\u00caNIO PLATAFORMA+BRASIL\u00a0\u00a0vai investir\u00a0\u00a0um valor total de\u00a0\u00a0R$ 4.011.599,91 em todo o Cariri e a cidade de Camala\u00fa ser\u00e1 contemplada com a constru\u00e7\u00e3o de 65 cisternas para as fam\u00edlias da zona rural.<strong><br>F\u00c1BIO BRITO<\/strong><\/p>\n","protected":false},"excerpt":{"rendered":"<p>O prefeito de Camala\u00fa Sandro M\u00f4co, confirmou que Camala\u00fa tamb\u00e9m vai ser contemplada com o convenio do Minist\u00e9rio da Cidadania que vai implementar mais 1.079&hellip; <\/p>\n","protected":false},"author":1,"featured_media":147198,"comment_status":"closed","ping_status":"closed","sticky":false,"template":"","format":"standard","meta":{"sfsi_plus_gutenberg_text_before_share":"","sfsi_plus_gutenberg_show_text_before_share":"","sfsi_plus_gutenberg_icon_type":"","sfsi_plus_gutenberg_icon_alignemt":"","sfsi_plus_gutenburg_max_per_row":"","footnotes":""},"categories":[6],"tags":[],"class_list":["post-147196","post","type-post","status-publish","format-standard","has-post-thumbnail","hentry","category-cidades"],"_links":{"self":[{"href":"https:\/\/www.caririemacao.com\/1\/wp-json\/wp\/v2\/posts\/147196","targetHints":{"allow":["GET"]}}],"collection":[{"href":"https:\/\/www.caririemacao.com\/1\/wp-json\/wp\/v2\/posts"}],"about":[{"href":"https:\/\/www.caririemacao.com\/1\/wp-json\/wp\/v2\/types\/post"}],"author":[{"embeddable":true,"href":"https:\/\/www.caririemacao.com\/1\/wp-json\/wp\/v2\/users\/1"}],"replies":[{"embeddable":true,"href":"https:\/\/www.caririemacao.com\/1\/wp-json\/wp\/v2\/comments?post=147196"}],"version-history":[{"count":1,"href":"https:\/\/www.caririemacao.com\/1\/wp-json\/wp\/v2\/posts\/147196\/revisions"}],"predecessor-version":[{"id":147199,"href":"https:\/\/www.caririemacao.com\/1\/wp-json\/wp\/v2\/posts\/147196\/revisions\/147199"}],"wp:featuredmedia":[{"embeddable":true,"href":"https:\/\/www.caririemacao.com\/1\/wp-json\/wp\/v2\/media\/147198"}],"wp:attachment":[{"href":"https:\/\/www.caririemacao.com\/1\/wp-json\/wp\/v2\/media?parent=147196"}],"wp:term":[{"taxonomy":"category","embeddable":true,"href":"https:\/\/www.caririemacao.com\/1\/wp-json\/wp\/v2\/categories?post=147196"},{"taxonomy":"post_tag","embeddable":true,"href":"https:\/\/www.caririemacao.com\/1\/wp-json\/wp\/v2\/tags?post=147196"}],"curies":[{"name":"wp","href":"https:\/\/api.w.org\/{rel}","templated":true}]}}